{"id":2534,"date":"2013-02-19T10:16:21","date_gmt":"2013-02-19T09:16:21","guid":{"rendered":"http:\/\/iesmendillorribhi.educacion.navarra.es\/blogs\/blog\/2013\/02\/19\/pre-olimpiada-matematica\/"},"modified":"2013-02-19T10:16:21","modified_gmt":"2013-02-19T09:16:21","slug":"pre-olimpiada-matematica","status":"publish","type":"post","link":"https:\/\/iesmendillorribhi.educacion.navarra.es\/blogs\/blog\/pre-olimpiada-matematica\/","title":{"rendered":"Pre-Olimpiada Matem\u00e1tica"},"content":{"rendered":"<p style=\"text-align: right;\" lang=\"es-ES\" align=\"JUSTIFY\"><strong style=\"font-size: small; font-family: Calibri, sans-serif;\"><a href=\"http:\/\/iesmendillorribhi.educacion.navarra.es\/blogs\/wp-content\/uploads\/2012-2013\/Jarduerak\/1prueba.pdf\">Descargar problemas<\/a><\/strong><\/p>\n<p lang=\"es-ES\" align=\"JUSTIFY\"><span style=\"color: #000000;\"><span style=\"font-family: Calibri,sans-serif;\"><span style=\"font-size: small;\"><strong>La Asociaci\u00f3n de Profesores de Matem\u00e1ticas de Navarra, Tornamira<\/strong><\/span><\/span><\/span><strong><span style=\"color: #000000;\"><span style=\"font-family: Calibri,sans-serif;\"><span style=\"font-size: small;\">,<\/span><\/span><\/span><\/strong><strong><\/strong><span style=\"color: #000000;\"><span style=\"font-family: Calibri,sans-serif;\"><span style=\"font-size: small;\">organiza cada a\u00f1o una Olimpiada Matem\u00e1tica para alumnos de 2\u00ba ESO. Este curso 2012-2013, se celebra la XXVII edici\u00f3n.<\/span><\/span><\/span><\/p>\n<p lang=\"es-ES\" align=\"JUSTIFY\"><span style=\"font-family: Calibri,sans-serif;\"><span style=\"font-size: small;\">Para animarte <strong>a hacer matem\u00e1ticas <\/strong><strong>resolviendo problemas<\/strong> y ayudar a preparar la <strong>XXVII Olimpiada de Matem\u00e1ticas, <\/strong>el departamento ha creado este concurso. <\/span><\/span><\/p>\n<p lang=\"es-ES\" align=\"CENTER\"><span><span style=\"font-size: small;\"><span style=\"text-decoration: underline;\"><strong>BASES \u00abCONCURSO PRE-OLIMPIADA\u00bb:<\/strong><\/span><\/span><\/span><\/p>\n<ol>\n<li>\n<p lang=\"es-ES\" align=\"JUSTIFY\"><span style=\"font-family: Calibri,sans-serif;\"><span style=\"font-size: small;\">Dirigido al alumnado del primer ciclo.<\/span><\/span><\/p>\n<\/li>\n<li>\n<p lang=\"es-ES\" align=\"JUSTIFY\"><span style=\"font-family: Calibri,sans-serif;\"><span style=\"font-size: small;\">Se establecen dos categor\u00edas, 1\u00ba ESO y 2\u00ba ESO con dos premios cada una, de un importe de 30\u20ac (cheque regalo). <\/span><\/span><\/p>\n<\/li>\n<li>\n<p lang=\"es-ES\" align=\"JUSTIFY\"><span style=\"font-family: Calibri,sans-serif;\"><span style=\"font-size: small;\"><strong>Se resolver\u00e1n cuatro problemas por cada nivel y una prueba presencial. <\/strong><\/span><\/span><\/p>\n<\/li>\n<li>\n<p lang=\"es-ES\" align=\"JUSTIFY\"><span style=\"color: #000000;\"><span style=\"font-family: Calibri,sans-serif;\"><span style=\"font-size: small;\">El Departamento de Matem\u00e1ticas publicar\u00e1 simult\u00e1neamente en el Aula Virtual de la web del instituto: <\/span><\/span><\/span><span style=\"color: #0000ff;\"><span style=\"text-decoration: underline;\"><a href=\"http:\/\/iesmendillorribhi.educacion.navarra.es\/web\/\"><span style=\"color: #000000;\"><span style=\"font-family: Calibri,sans-serif;\"><span style=\"font-size: small;\">http:\/\/iesmendillorribhi.educacion.navarra.es\/web\/<\/span><\/span><\/span><\/a><\/span><\/span><span style=\"color: #000000;\"><span style=\"font-family: Calibri,sans-serif;\"><span style=\"font-size: small;\">, y en el tabl\u00f3n de anuncios de la entrada principal del instituto del edificio del Lago, los problemas correspondientes al concurso. A todos los alumnos\/as que lo deseen se les proporcionar\u00e1n las copias correspondientes. <\/span><\/span><\/span><\/p>\n<\/li>\n<li>\n<p lang=\"es-ES\" align=\"JUSTIFY\"><span style=\"color: #000000;\"><span style=\"font-family: Calibri,sans-serif;\"><span style=\"font-size: small;\">La resoluci\u00f3n de los problemas ser\u00e1n individuales, se realizar\u00e1n fuera de las aulas y se podr\u00e1n entregar en hojas (tama\u00f1o folio o Din A4) o por correo electr\u00f3nico al departamento de matem\u00e1ticas <\/span><\/span><\/span><span style=\"color: #0000ff;\"><span style=\"text-decoration: underline;\"><a href=\"mailto:iespursu.matematika@pnte.cfnavarra.es\"><span style=\"color: #000000;\"><span style=\"font-family: Calibri,sans-serif;\"><span style=\"font-size: small;\">iespursu.matematika@pnte.cfnavarra.es<\/span><\/span><\/span><\/a><\/span><\/span><span style=\"color: #000000;\"><span style=\"font-family: Calibri,sans-serif;\"><span style=\"font-size: small;\"> en formato .doc, .odt, .pdf, jpg (se puede escanear la soluci\u00f3n hecha a mano). Deber\u00e1 figurar <\/span><\/span><\/span><span style=\"color: #000000;\"><span style=\"font-family: Calibri,sans-serif;\"><span style=\"font-size: small;\"><strong>el nombre del alumno\/a y curso<\/strong><\/span><\/span><\/span><span style=\"color: #000000;\"><span style=\"font-family: Calibri,sans-serif;\"><span style=\"font-size: small;\">. <\/span><\/span><\/span><\/p>\n<\/li>\n<li>\n<p lang=\"es-ES\"><span style=\"font-family: Calibri,sans-serif;\"><span style=\"font-size: small;\">Fecha l\u00edmite de entrega de los problemas resueltos: <\/span><\/span><\/p>\n<\/li>\n<\/ol>\n<ul>\n<li>\n<p lang=\"es-ES\" align=\"JUSTIFY\"><span style=\"color: #000000;\"><span style=\"font-family: Calibri,sans-serif;\"><span style=\"font-size: small;\">Problemas I y II: <\/span><\/span><\/span><strong><span style=\"color: #000000;\"><span style=\"font-family: Calibri,sans-serif;\"><span style=\"font-size: small;\">1 de marzo<\/span><\/span><\/span><\/strong><\/p>\n<\/li>\n<li>\n<p lang=\"es-ES\" align=\"JUSTIFY\"><span style=\"color: #000000;\"><span style=\"font-family: Calibri,sans-serif;\"><span style=\"font-size: small;\">Problemas III y IV: <\/span><\/span><\/span><strong><span style=\"color: #000000;\"><span style=\"font-family: Calibri,sans-serif;\"><span style=\"font-size: small;\">25 de marzo<\/span><\/span><\/span><\/strong><\/p>\n<p lang=\"es-ES\" align=\"JUSTIFY\"><strong><span style=\"color: #000000;\"><span style=\"font-family: Calibri,sans-serif;\"><span style=\"font-size: small;\"><strong><a href=\"http:\/\/iesmendillorribhi.educacion.navarra.es\/blogs\/wp-content\/uploads\/2012-2013\/Jarduerak\/1prueba.pdf\">Descargar problemas<\/a><\/strong><\/span><\/span><\/span><\/strong><\/p>\n<\/li>\n<\/ul>\n<ol start=\"7\">\n<li>\n<p lang=\"es-ES\"><span style=\"font-family: Calibri,sans-serif;\"><span style=\"font-size: small;\">Una vez evaluados los problemas se publicar\u00e1 la mejor resoluci\u00f3n y la clasificaci\u00f3n. <\/span><\/span><\/p>\n<\/li>\n<li>\n<p lang=\"es-ES\" align=\"JUSTIFY\"><span style=\"color: #000000;\"><span style=\"font-family: Calibri,sans-serif;\"><span style=\"font-size: small;\">Para poder hacer la prueba presencial ser\u00e1 necesario haber entregado al menos tres problemas y se realizar\u00e1 <\/span><\/span><\/span><strong><span style=\"color: #000000;\"><span style=\"font-family: Calibri,sans-serif;\"><span style=\"font-size: small;\">el jueves 18 de abril a 3\u00aa hora<\/span><\/span><\/span><\/strong><span style=\"color: #000000;\"><span style=\"font-family: Calibri,sans-serif;\"><span style=\"font-size: small;\">. <\/span><\/span><\/span><\/p>\n<\/li>\n<li>\n<p lang=\"es-ES\" align=\"JUSTIFY\"><span style=\"font-family: Calibri,sans-serif;\"><span style=\"font-size: small;\">Al final del concurso, en cada nivel, se entregar\u00e1 un diploma a los primeros clasificados y los mejores clasificados de 2\u00ba ESO participar\u00e1n en la XXVII Olimpiada de Navarra. <\/span><\/span><\/p>\n<\/li>\n<li>\n<p lang=\"es-ES\" align=\"JUSTIFY\"><span style=\"font-family: Calibri,sans-serif;\"><span style=\"font-size: small;\">Se valorar\u00e1n los siguientes apartados : <\/span><\/span><\/p>\n<\/li>\n<\/ol>\n<ul>\n<li>\n<p lang=\"es-ES\" align=\"JUSTIFY\"><span style=\"font-family: Calibri,sans-serif;\"><span style=\"font-size: small;\"><strong>La utilizaci\u00f3n y comprensi\u00f3n de la informaci\u00f3n <\/strong><\/span><\/span><\/p>\n<\/li>\n<li>\n<p lang=\"es-ES\" align=\"JUSTIFY\"><span style=\"font-family: Calibri,sans-serif;\"><span style=\"font-size: small;\"><strong>La sencillez y la originalidad en la resoluci\u00f3n <\/strong><\/span><\/span><\/p>\n<\/li>\n<li>\n<p lang=\"es-ES\" align=\"JUSTIFY\"><span style=\"font-family: Calibri,sans-serif;\"><span style=\"font-size: small;\"><strong>Claridad en el razonamiento <\/strong><\/span><\/span><\/p>\n<\/li>\n<li>\n<p lang=\"es-ES\" align=\"JUSTIFY\"><span style=\"font-family: Calibri,sans-serif;\"><span style=\"font-size: small;\"><strong>Presentaci\u00f3n, faltas de ortograf\u00eda y limpieza<\/strong><\/span><\/span><\/p>\n<p style=\"text-align: center;\" lang=\"es-ES\" align=\"JUSTIFY\"><span style=\"font-family: Calibri,sans-serif;\"><span style=\"font-size: small;\"><strong><strong><a href=\"http:\/\/iesmendillorribhi.educacion.navarra.es\/blogs\/wp-content\/uploads\/2012-2013\/Jarduerak\/1prueba.pdf\">Descargar problemas<\/a><\/strong><\/strong><\/span><\/span><\/p>\n<\/li>\n<\/ul>\n<p style=\"text-align: center;\" lang=\"es-ES\" align=\"CENTER\"><span style=\"color: #4f6228;\"><span style=\"font-family: Calibri,sans-serif;\"><span style=\"font-size: medium;\">I.E.S. PEDRO DE URSUA BHI \u2013 <strong>DEPARTAMENTO DE MATEM\u00c1TICAS<\/strong><\/span><\/span><\/span><\/p>\n","protected":false},"excerpt":{"rendered":"<p>Descargar problemas La Asociaci\u00f3n de Profesores de Matem\u00e1ticas de Navarra, Tornamira,organiza cada a\u00f1o una Olimpiada Matem\u00e1tica para alumnos de 2\u00ba ESO. Este curso 2012-2013, se celebra la XXVII edici\u00f3n. Para animarte a hacer matem\u00e1ticas resolviendo problemas y ayudar a preparar la XXVII Olimpiada de Matem\u00e1ticas, el departamento ha creado este concurso. BASES \u00abCONCURSO PRE-OLIMPIADA\u00bb: Dirigido [&hellip;]<\/p>\n","protected":false},"author":36,"featured_media":0,"comment_status":"closed","ping_status":"open","sticky":false,"template":"","format":"standard","meta":{"_genesis_hide_title":false,"_genesis_hide_breadcrumbs":false,"_genesis_hide_singular_image":false,"_genesis_hide_footer_widgets":false,"_genesis_custom_body_class":"","_genesis_custom_post_class":"","_genesis_layout":""},"categories":[55],"tags":[],"featured_image_src":null,"featured_image_src_square":null,"author_info":{"display_name":"","author_link":"https:\/\/iesmendillorribhi.educacion.navarra.es\/blogs\/blog\/author\/"},"_links":{"self":[{"href":"https:\/\/iesmendillorribhi.educacion.navarra.es\/blogs\/wp-json\/wp\/v2\/posts\/2534"}],"collection":[{"href":"https:\/\/iesmendillorribhi.educacion.navarra.es\/blogs\/wp-json\/wp\/v2\/posts"}],"about":[{"href":"https:\/\/iesmendillorribhi.educacion.navarra.es\/blogs\/wp-json\/wp\/v2\/types\/post"}],"author":[{"embeddable":true,"href":"https:\/\/iesmendillorribhi.educacion.navarra.es\/blogs\/wp-json\/wp\/v2\/users\/36"}],"replies":[{"embeddable":true,"href":"https:\/\/iesmendillorribhi.educacion.navarra.es\/blogs\/wp-json\/wp\/v2\/comments?post=2534"}],"version-history":[{"count":0,"href":"https:\/\/iesmendillorribhi.educacion.navarra.es\/blogs\/wp-json\/wp\/v2\/posts\/2534\/revisions"}],"wp:attachment":[{"href":"https:\/\/iesmendillorribhi.educacion.navarra.es\/blogs\/wp-json\/wp\/v2\/media?parent=2534"}],"wp:term":[{"taxonomy":"category","embeddable":true,"href":"https:\/\/iesmendillorribhi.educacion.navarra.es\/blogs\/wp-json\/wp\/v2\/categories?post=2534"},{"taxonomy":"post_tag","embeddable":true,"href":"https:\/\/iesmendillorribhi.educacion.navarra.es\/blogs\/wp-json\/wp\/v2\/tags?post=2534"}],"curies":[{"name":"wp","href":"https:\/\/api.w.org\/{rel}","templated":true}]}}