{"id":2546,"date":"2013-06-05T20:32:06","date_gmt":"2013-06-05T18:32:06","guid":{"rendered":"http:\/\/iesmendillorribhi.educacion.navarra.es\/blogs\/blog\/2013\/06\/05\/gran-concierto-de-fin-de-curso\/"},"modified":"2019-05-20T02:06:32","modified_gmt":"2019-05-20T00:06:32","slug":"gran-concierto-de-fin-de-curso","status":"publish","type":"post","link":"https:\/\/iesmendillorribhi.educacion.navarra.es\/blogs\/blog\/gran-concierto-de-fin-de-curso\/","title":{"rendered":"Gran concierto de fin de curso"},"content":{"rendered":"<p>El Jueves 13 de Junio a las 17:30 celebraremos un concierto de fin de curso en el sal\u00f3n de actos del Instituto. En el mismo tomar\u00e1n parte 120 alumnos, adem\u00e1s de profesores y padres con lo que queremos invitaros a tomar parte en esta actividad tocando alg\u00fan instrumento o cantando.<\/p>\n<p>El objetivo de esta actividad es ofrecer lo trabajado durante el curso escolar, despedir el curso y disfrutar de la m\u00fasica fuera de las aulas.<\/p>\n<p>Si quer\u00e9is participar el profesor de m\u00fasica os facilitar\u00e1 material de trabajo.<\/p>\n<p><a href=\"http:\/\/iesmendillorribhi.educacion.navarra.es\/blogs\/wp-content\/uploads\/2012-2013\/Jarduerak\/music-104606_640.jpg\"><img loading=\"lazy\" class=\"aligncenter\" title=\"music-104606_640\" src=\"http:\/\/iesmendillorribhi.educacion.navarra.es\/blogs\/wp-content\/uploads\/2012-2013\/Jarduerak\/music-104606_640-300x211.jpg\" alt=\"\" width=\"300\" height=\"211\"><\/a><\/p>\n<p>El programa es el siguiente:<\/p>\n<ul>\n<li>SOM Obrint Pas<\/li>\n<li>ANABASA Ze Esatek<\/li>\n<li>HAS BIZI Xutik<\/li>\n<li>BEGITARA BEGIRA Vendetta<\/li>\n<li>AMERICAN IDIOT Green Day<\/li>\n<li>BOOGEY KORONELAREN MARTXA -Malcolws Arnold<\/li>\n<li>ST.PAULI Talco<\/li>\n<li>AURRESKUA Dantza herrikoia<\/li>\n<li>NESKATXO Txakun<\/li>\n<li>HALLELUJAH Leonard Cohen\/Rufus Wainwright<\/li>\n<li>ZURE DOINUA Lor<\/li>\n<li>GUREGATIK Hesian<\/li>\n<li>UDAKO GAU LUZEAK Vendetta<\/li>\n<\/ul>\n","protected":false},"excerpt":{"rendered":"<p>El Jueves 13 de Junio a las 17:30 celebraremos un concierto de fin de curso en el sal\u00f3n de actos del Instituto. En el mismo tomar\u00e1n parte 120 alumnos, adem\u00e1s de profesores y padres con lo que queremos invitaros a tomar parte en esta actividad tocando alg\u00fan instrumento o cantando. El objetivo de esta actividad [&hellip;]<\/p>\n","protected":false},"author":36,"featured_media":3022,"comment_status":"closed","ping_status":"open","sticky":false,"template":"","format":"standard","meta":{"_genesis_hide_title":false,"_genesis_hide_breadcrumbs":false,"_genesis_hide_singular_image":false,"_genesis_hide_footer_widgets":false,"_genesis_custom_body_class":"","_genesis_custom_post_class":"","_genesis_layout":""},"categories":[56],"tags":[],"featured_image_src":"https:\/\/iesmendillorribhi.educacion.navarra.es\/blogs\/wp-content\/uploads\/2012-2013\/Jarduerak\/music-104606_640.jpg","featured_image_src_square":"https:\/\/iesmendillorribhi.educacion.navarra.es\/blogs\/wp-content\/uploads\/2012-2013\/Jarduerak\/music-104606_640.jpg","author_info":{"display_name":"","author_link":"https:\/\/iesmendillorribhi.educacion.navarra.es\/blogs\/blog\/author\/"},"_links":{"self":[{"href":"https:\/\/iesmendillorribhi.educacion.navarra.es\/blogs\/wp-json\/wp\/v2\/posts\/2546"}],"collection":[{"href":"https:\/\/iesmendillorribhi.educacion.navarra.es\/blogs\/wp-json\/wp\/v2\/posts"}],"about":[{"href":"https:\/\/iesmendillorribhi.educacion.navarra.es\/blogs\/wp-json\/wp\/v2\/types\/post"}],"author":[{"embeddable":true,"href":"https:\/\/iesmendillorribhi.educacion.navarra.es\/blogs\/wp-json\/wp\/v2\/users\/36"}],"replies":[{"embeddable":true,"href":"https:\/\/iesmendillorribhi.educacion.navarra.es\/blogs\/wp-json\/wp\/v2\/comments?post=2546"}],"version-history":[{"count":1,"href":"https:\/\/iesmendillorribhi.educacion.navarra.es\/blogs\/wp-json\/wp\/v2\/posts\/2546\/revisions"}],"predecessor-version":[{"id":3028,"href":"https:\/\/iesmendillorribhi.educacion.navarra.es\/blogs\/wp-json\/wp\/v2\/posts\/2546\/revisions\/3028"}],"wp:featuredmedia":[{"embeddable":true,"href":"https:\/\/iesmendillorribhi.educacion.navarra.es\/blogs\/wp-json\/wp\/v2\/media\/3022"}],"wp:attachment":[{"href":"https:\/\/iesmendillorribhi.educacion.navarra.es\/blogs\/wp-json\/wp\/v2\/media?parent=2546"}],"wp:term":[{"taxonomy":"category","embeddable":true,"href":"https:\/\/iesmendillorribhi.educacion.navarra.es\/blogs\/wp-json\/wp\/v2\/categories?post=2546"},{"taxonomy":"post_tag","embeddable":true,"href":"https:\/\/iesmendillorribhi.educacion.navarra.es\/blogs\/wp-json\/wp\/v2\/tags?post=2546"}],"curies":[{"name":"wp","href":"https:\/\/api.w.org\/{rel}","templated":true}]}}