{"id":2552,"date":"2013-12-20T16:39:40","date_gmt":"2013-12-20T15:39:40","guid":{"rendered":"http:\/\/iesmendillorribhi.educacion.navarra.es\/blogs\/blog\/2013\/12\/20\/fiesta-de-navidad\/"},"modified":"2019-05-20T02:03:54","modified_gmt":"2019-05-20T00:03:54","slug":"fiesta-de-navidad","status":"publish","type":"post","link":"https:\/\/iesmendillorribhi.educacion.navarra.es\/blogs\/blog\/fiesta-de-navidad\/","title":{"rendered":"Fiesta de Navidad"},"content":{"rendered":"<p>El \u00faltimo d\u00eda de clase celebramo una peque\u00f1a fiesta organizada por el grupo de euskera y algunos alumnos.<\/p>\n<p>Las actividades fueron un campeonato de mus, bailes regionales, un peque\u00f1o concierto y una chocolatatda.<\/p>\n<p>Aqu\u00ed hay algunas fotos de ese d\u00eda.<\/p>\n<div id='gallery-1' class='gallery galleryid-2552 gallery-columns-3 gallery-size-thumbnail'><figure class='gallery-item'>\n\t\t\t<div class='gallery-icon landscape'>\n\t\t\t\t<a href='https:\/\/iesmendillorribhi.educacion.navarra.es\/blogs\/blog\/fiesta-de-navidad\/20131220-urtebukaerakofesta-1\/'><img width=\"150\" height=\"150\" src=\"https:\/\/iesmendillorribhi.educacion.navarra.es\/blogs\/wp-content\/uploads\/2013\/12\/20131220-UrteBukaerakoFesta-1-150x150.jpg\" class=\"attachment-thumbnail size-thumbnail\" alt=\"\" loading=\"lazy\" aria-describedby=\"gallery-1-3014\" srcset=\"https:\/\/iesmendillorribhi.educacion.navarra.es\/blogs\/wp-content\/uploads\/2013\/12\/20131220-UrteBukaerakoFesta-1-150x150.jpg 150w, https:\/\/iesmendillorribhi.educacion.navarra.es\/blogs\/wp-content\/uploads\/2013\/12\/20131220-UrteBukaerakoFesta-1-144x144.jpg 144w, https:\/\/iesmendillorribhi.educacion.navarra.es\/blogs\/wp-content\/uploads\/2013\/12\/20131220-UrteBukaerakoFesta-1-70x70.jpg 70w\" sizes=\"(max-width: 150px) 100vw, 150px\" \/><\/a>\n\t\t\t<\/div>\n\t\t\t\t<figcaption class='wp-caption-text gallery-caption' id='gallery-1-3014'>\n\t\t\t\t2013-12-20 Urte Bukaerako Festa\n\t\t\t\t<\/figcaption><\/figure><figure class='gallery-item'>\n\t\t\t<div class='gallery-icon landscape'>\n\t\t\t\t<a href='https:\/\/iesmendillorribhi.educacion.navarra.es\/blogs\/blog\/fiesta-de-navidad\/20131220-urtebukaerakofesta-10\/'><img width=\"150\" height=\"150\" src=\"https:\/\/iesmendillorribhi.educacion.navarra.es\/blogs\/wp-content\/uploads\/2013\/12\/20131220-UrteBukaerakoFesta-10-150x150.jpg\" class=\"attachment-thumbnail size-thumbnail\" alt=\"\" loading=\"lazy\" aria-describedby=\"gallery-1-3015\" srcset=\"https:\/\/iesmendillorribhi.educacion.navarra.es\/blogs\/wp-content\/uploads\/2013\/12\/20131220-UrteBukaerakoFesta-10-150x150.jpg 150w, https:\/\/iesmendillorribhi.educacion.navarra.es\/blogs\/wp-content\/uploads\/2013\/12\/20131220-UrteBukaerakoFesta-10-144x144.jpg 144w, https:\/\/iesmendillorribhi.educacion.navarra.es\/blogs\/wp-content\/uploads\/2013\/12\/20131220-UrteBukaerakoFesta-10-70x70.jpg 70w\" sizes=\"(max-width: 150px) 100vw, 150px\" \/><\/a>\n\t\t\t<\/div>\n\t\t\t\t<figcaption class='wp-caption-text gallery-caption' id='gallery-1-3015'>\n\t\t\t\t2013-12-20 Urte Bukaerako Festa\n\t\t\t\t<\/figcaption><\/figure><figure class='gallery-item'>\n\t\t\t<div class='gallery-icon landscape'>\n\t\t\t\t<a href='https:\/\/iesmendillorribhi.educacion.navarra.es\/blogs\/blog\/fiesta-de-navidad\/20131220-urtebukaerakofesta-11\/'><img width=\"150\" height=\"150\" src=\"https:\/\/iesmendillorribhi.educacion.navarra.es\/blogs\/wp-content\/uploads\/2013\/12\/20131220-UrteBukaerakoFesta-11-150x150.jpg\" class=\"attachment-thumbnail size-thumbnail\" alt=\"\" loading=\"lazy\" aria-describedby=\"gallery-1-3016\" srcset=\"https:\/\/iesmendillorribhi.educacion.navarra.es\/blogs\/wp-content\/uploads\/2013\/12\/20131220-UrteBukaerakoFesta-11-150x150.jpg 150w, https:\/\/iesmendillorribhi.educacion.navarra.es\/blogs\/wp-content\/uploads\/2013\/12\/20131220-UrteBukaerakoFesta-11-144x144.jpg 144w, https:\/\/iesmendillorribhi.educacion.navarra.es\/blogs\/wp-content\/uploads\/2013\/12\/20131220-UrteBukaerakoFesta-11-70x70.jpg 70w\" sizes=\"(max-width: 150px) 100vw, 150px\" \/><\/a>\n\t\t\t<\/div>\n\t\t\t\t<figcaption class='wp-caption-text gallery-caption' id='gallery-1-3016'>\n\t\t\t\t2013-12-20 Urte Bukaerako Festa\n\t\t\t\t<\/figcaption><\/figure><figure class='gallery-item'>\n\t\t\t<div class='gallery-icon landscape'>\n\t\t\t\t<a href='https:\/\/iesmendillorribhi.educacion.navarra.es\/blogs\/blog\/fiesta-de-navidad\/20131220-urtebukaerakofesta-12\/'><img width=\"150\" height=\"150\" src=\"https:\/\/iesmendillorribhi.educacion.navarra.es\/blogs\/wp-content\/uploads\/2013\/12\/20131220-UrteBukaerakoFesta-12-150x150.jpg\" class=\"attachment-thumbnail size-thumbnail\" alt=\"\" loading=\"lazy\" aria-describedby=\"gallery-1-3017\" srcset=\"https:\/\/iesmendillorribhi.educacion.navarra.es\/blogs\/wp-content\/uploads\/2013\/12\/20131220-UrteBukaerakoFesta-12-150x150.jpg 150w, https:\/\/iesmendillorribhi.educacion.navarra.es\/blogs\/wp-content\/uploads\/2013\/12\/20131220-UrteBukaerakoFesta-12-144x144.jpg 144w, https:\/\/iesmendillorribhi.educacion.navarra.es\/blogs\/wp-content\/uploads\/2013\/12\/20131220-UrteBukaerakoFesta-12-70x70.jpg 70w\" sizes=\"(max-width: 150px) 100vw, 150px\" \/><\/a>\n\t\t\t<\/div>\n\t\t\t\t<figcaption class='wp-caption-text gallery-caption' id='gallery-1-3017'>\n\t\t\t\t2013-12-20 Urte Bukaerako Festa\n\t\t\t\t<\/figcaption><\/figure><figure class='gallery-item'>\n\t\t\t<div class='gallery-icon landscape'>\n\t\t\t\t<a href='https:\/\/iesmendillorribhi.educacion.navarra.es\/blogs\/blog\/fiesta-de-navidad\/20131220-urtebukaerakofesta-13\/'><img width=\"150\" height=\"150\" src=\"https:\/\/iesmendillorribhi.educacion.navarra.es\/blogs\/wp-content\/uploads\/2013\/12\/20131220-UrteBukaerakoFesta-13-150x150.jpg\" class=\"attachment-thumbnail size-thumbnail\" alt=\"\" loading=\"lazy\" aria-describedby=\"gallery-1-3018\" srcset=\"https:\/\/iesmendillorribhi.educacion.navarra.es\/blogs\/wp-content\/uploads\/2013\/12\/20131220-UrteBukaerakoFesta-13-150x150.jpg 150w, https:\/\/iesmendillorribhi.educacion.navarra.es\/blogs\/wp-content\/uploads\/2013\/12\/20131220-UrteBukaerakoFesta-13-144x144.jpg 144w, https:\/\/iesmendillorribhi.educacion.navarra.es\/blogs\/wp-content\/uploads\/2013\/12\/20131220-UrteBukaerakoFesta-13-70x70.jpg 70w\" sizes=\"(max-width: 150px) 100vw, 150px\" \/><\/a>\n\t\t\t<\/div>\n\t\t\t\t<figcaption class='wp-caption-text gallery-caption' id='gallery-1-3018'>\n\t\t\t\t2013-12-20 Urte Bukaerako Festa\n\t\t\t\t<\/figcaption><\/figure><figure class='gallery-item'>\n\t\t\t<div class='gallery-icon landscape'>\n\t\t\t\t<a href='https:\/\/iesmendillorribhi.educacion.navarra.es\/blogs\/blog\/fiesta-de-navidad\/20131220-urtebukaerakofesta-2\/'><img width=\"150\" height=\"150\" src=\"https:\/\/iesmendillorribhi.educacion.navarra.es\/blogs\/wp-content\/uploads\/2013\/12\/20131220-UrteBukaerakoFesta-2-150x150.jpg\" class=\"attachment-thumbnail size-thumbnail\" alt=\"\" loading=\"lazy\" aria-describedby=\"gallery-1-3019\" srcset=\"https:\/\/iesmendillorribhi.educacion.navarra.es\/blogs\/wp-content\/uploads\/2013\/12\/20131220-UrteBukaerakoFesta-2-150x150.jpg 150w, https:\/\/iesmendillorribhi.educacion.navarra.es\/blogs\/wp-content\/uploads\/2013\/12\/20131220-UrteBukaerakoFesta-2-144x144.jpg 144w, https:\/\/iesmendillorribhi.educacion.navarra.es\/blogs\/wp-content\/uploads\/2013\/12\/20131220-UrteBukaerakoFesta-2-70x70.jpg 70w\" sizes=\"(max-width: 150px) 100vw, 150px\" \/><\/a>\n\t\t\t<\/div>\n\t\t\t\t<figcaption class='wp-caption-text gallery-caption' id='gallery-1-3019'>\n\t\t\t\t2013-12-20 Urte Bukaerako Festa\n\t\t\t\t<\/figcaption><\/figure><figure class='gallery-item'>\n\t\t\t<div class='gallery-icon landscape'>\n\t\t\t\t<a href='https:\/\/iesmendillorribhi.educacion.navarra.es\/blogs\/blog\/fiesta-de-navidad\/20131220-urtebukaerakofesta-3\/'><img width=\"150\" height=\"150\" src=\"https:\/\/iesmendillorribhi.educacion.navarra.es\/blogs\/wp-content\/uploads\/2013\/12\/20131220-UrteBukaerakoFesta-3-150x150.jpg\" class=\"attachment-thumbnail size-thumbnail\" alt=\"Fiesta fin de a\u00f1o\" loading=\"lazy\" aria-describedby=\"gallery-1-2998\" srcset=\"https:\/\/iesmendillorribhi.educacion.navarra.es\/blogs\/wp-content\/uploads\/2013\/12\/20131220-UrteBukaerakoFesta-3-150x150.jpg 150w, https:\/\/iesmendillorribhi.educacion.navarra.es\/blogs\/wp-content\/uploads\/2013\/12\/20131220-UrteBukaerakoFesta-3-144x144.jpg 144w, https:\/\/iesmendillorribhi.educacion.navarra.es\/blogs\/wp-content\/uploads\/2013\/12\/20131220-UrteBukaerakoFesta-3-70x70.jpg 70w\" sizes=\"(max-width: 150px) 100vw, 150px\" \/><\/a>\n\t\t\t<\/div>\n\t\t\t\t<figcaption class='wp-caption-text gallery-caption' id='gallery-1-2998'>\n\t\t\t\tFiesta fin de a\u00f1o 20-12-2013\n\t\t\t\t<\/figcaption><\/figure><figure class='gallery-item'>\n\t\t\t<div class='gallery-icon landscape'>\n\t\t\t\t<a href='https:\/\/iesmendillorribhi.educacion.navarra.es\/blogs\/blog\/fiesta-de-navidad\/20131220-urtebukaerakofesta-4\/'><img width=\"150\" height=\"150\" src=\"https:\/\/iesmendillorribhi.educacion.navarra.es\/blogs\/wp-content\/uploads\/2013\/12\/20131220-UrteBukaerakoFesta-4-150x150.jpg\" class=\"attachment-thumbnail size-thumbnail\" alt=\"Fiesta fin de a\u00f1o\" loading=\"lazy\" aria-describedby=\"gallery-1-3000\" srcset=\"https:\/\/iesmendillorribhi.educacion.navarra.es\/blogs\/wp-content\/uploads\/2013\/12\/20131220-UrteBukaerakoFesta-4-150x150.jpg 150w, https:\/\/iesmendillorribhi.educacion.navarra.es\/blogs\/wp-content\/uploads\/2013\/12\/20131220-UrteBukaerakoFesta-4-144x144.jpg 144w, https:\/\/iesmendillorribhi.educacion.navarra.es\/blogs\/wp-content\/uploads\/2013\/12\/20131220-UrteBukaerakoFesta-4-70x70.jpg 70w\" sizes=\"(max-width: 150px) 100vw, 150px\" \/><\/a>\n\t\t\t<\/div>\n\t\t\t\t<figcaption class='wp-caption-text gallery-caption' id='gallery-1-3000'>\n\t\t\t\tFiesta fin de a\u00f1o 20-12-2013\n\t\t\t\t<\/figcaption><\/figure><figure class='gallery-item'>\n\t\t\t<div class='gallery-icon landscape'>\n\t\t\t\t<a href='https:\/\/iesmendillorribhi.educacion.navarra.es\/blogs\/blog\/fiesta-de-navidad\/20131220-urtebukaerakofesta-5\/'><img width=\"150\" height=\"150\" src=\"https:\/\/iesmendillorribhi.educacion.navarra.es\/blogs\/wp-content\/uploads\/2013\/12\/20131220-UrteBukaerakoFesta-5-150x150.jpg\" class=\"attachment-thumbnail size-thumbnail\" alt=\"Fiesta fin de a\u00f1o\" loading=\"lazy\" aria-describedby=\"gallery-1-2999\" srcset=\"https:\/\/iesmendillorribhi.educacion.navarra.es\/blogs\/wp-content\/uploads\/2013\/12\/20131220-UrteBukaerakoFesta-5-150x150.jpg 150w, https:\/\/iesmendillorribhi.educacion.navarra.es\/blogs\/wp-content\/uploads\/2013\/12\/20131220-UrteBukaerakoFesta-5-144x144.jpg 144w, https:\/\/iesmendillorribhi.educacion.navarra.es\/blogs\/wp-content\/uploads\/2013\/12\/20131220-UrteBukaerakoFesta-5-70x70.jpg 70w\" sizes=\"(max-width: 150px) 100vw, 150px\" \/><\/a>\n\t\t\t<\/div>\n\t\t\t\t<figcaption class='wp-caption-text gallery-caption' id='gallery-1-2999'>\n\t\t\t\tFiesta fin de a\u00f1o 20-12-2013\n\t\t\t\t<\/figcaption><\/figure><figure class='gallery-item'>\n\t\t\t<div class='gallery-icon landscape'>\n\t\t\t\t<a href='https:\/\/iesmendillorribhi.educacion.navarra.es\/blogs\/blog\/festival-de-fin-de-ano\/20131220-urtebukaerakofesta-6\/'><img width=\"150\" height=\"150\" src=\"https:\/\/iesmendillorribhi.educacion.navarra.es\/blogs\/wp-content\/uploads\/2013\/12\/20131220-UrteBukaerakoFesta-6-150x150.jpg\" class=\"attachment-thumbnail size-thumbnail\" alt=\"\" loading=\"lazy\" aria-describedby=\"gallery-1-2902\" srcset=\"https:\/\/iesmendillorribhi.educacion.navarra.es\/blogs\/wp-content\/uploads\/2013\/12\/20131220-UrteBukaerakoFesta-6-150x150.jpg 150w, https:\/\/iesmendillorribhi.educacion.navarra.es\/blogs\/wp-content\/uploads\/2013\/12\/20131220-UrteBukaerakoFesta-6-144x144.jpg 144w, https:\/\/iesmendillorribhi.educacion.navarra.es\/blogs\/wp-content\/uploads\/2013\/12\/20131220-UrteBukaerakoFesta-6-70x70.jpg 70w\" sizes=\"(max-width: 150px) 100vw, 150px\" \/><\/a>\n\t\t\t<\/div>\n\t\t\t\t<figcaption class='wp-caption-text gallery-caption' id='gallery-1-2902'>\n\t\t\t\t2013-12-20 Urte Bukaerako Festa\n\t\t\t\t<\/figcaption><\/figure><figure class='gallery-item'>\n\t\t\t<div class='gallery-icon landscape'>\n\t\t\t\t<a href='https:\/\/iesmendillorribhi.educacion.navarra.es\/blogs\/blog\/fiesta-de-navidad\/20131220-urtebukaerakofesta-7\/'><img width=\"150\" height=\"150\" src=\"https:\/\/iesmendillorribhi.educacion.navarra.es\/blogs\/wp-content\/uploads\/2013\/12\/20131220-UrteBukaerakoFesta-7-150x150.jpg\" class=\"attachment-thumbnail size-thumbnail\" alt=\"Fiesta fin de a\u00f1o\" loading=\"lazy\" aria-describedby=\"gallery-1-3001\" srcset=\"https:\/\/iesmendillorribhi.educacion.navarra.es\/blogs\/wp-content\/uploads\/2013\/12\/20131220-UrteBukaerakoFesta-7-150x150.jpg 150w, https:\/\/iesmendillorribhi.educacion.navarra.es\/blogs\/wp-content\/uploads\/2013\/12\/20131220-UrteBukaerakoFesta-7-144x144.jpg 144w, https:\/\/iesmendillorribhi.educacion.navarra.es\/blogs\/wp-content\/uploads\/2013\/12\/20131220-UrteBukaerakoFesta-7-70x70.jpg 70w\" sizes=\"(max-width: 150px) 100vw, 150px\" \/><\/a>\n\t\t\t<\/div>\n\t\t\t\t<figcaption class='wp-caption-text gallery-caption' id='gallery-1-3001'>\n\t\t\t\tFiesta fin de a\u00f1o 20-12-2013\n\t\t\t\t<\/figcaption><\/figure><figure class='gallery-item'>\n\t\t\t<div class='gallery-icon landscape'>\n\t\t\t\t<a href='https:\/\/iesmendillorribhi.educacion.navarra.es\/blogs\/blog\/fiesta-de-navidad\/20131220-urtebukaerakofesta-8\/'><img width=\"150\" height=\"150\" src=\"https:\/\/iesmendillorribhi.educacion.navarra.es\/blogs\/wp-content\/uploads\/2013\/12\/20131220-UrteBukaerakoFesta-8-150x150.jpg\" class=\"attachment-thumbnail size-thumbnail\" alt=\"\" loading=\"lazy\" aria-describedby=\"gallery-1-3020\" srcset=\"https:\/\/iesmendillorribhi.educacion.navarra.es\/blogs\/wp-content\/uploads\/2013\/12\/20131220-UrteBukaerakoFesta-8-150x150.jpg 150w, https:\/\/iesmendillorribhi.educacion.navarra.es\/blogs\/wp-content\/uploads\/2013\/12\/20131220-UrteBukaerakoFesta-8-144x144.jpg 144w, https:\/\/iesmendillorribhi.educacion.navarra.es\/blogs\/wp-content\/uploads\/2013\/12\/20131220-UrteBukaerakoFesta-8-70x70.jpg 70w\" sizes=\"(max-width: 150px) 100vw, 150px\" \/><\/a>\n\t\t\t<\/div>\n\t\t\t\t<figcaption class='wp-caption-text gallery-caption' id='gallery-1-3020'>\n\t\t\t\t2013-12-20 Urte Bukaerako Festa\n\t\t\t\t<\/figcaption><\/figure><figure class='gallery-item'>\n\t\t\t<div class='gallery-icon landscape'>\n\t\t\t\t<a href='https:\/\/iesmendillorribhi.educacion.navarra.es\/blogs\/blog\/fiesta-de-navidad\/20131220-urtebukaerakofesta-9\/'><img width=\"150\" height=\"150\" src=\"https:\/\/iesmendillorribhi.educacion.navarra.es\/blogs\/wp-content\/uploads\/2013\/12\/20131220-UrteBukaerakoFesta-9-150x150.jpg\" class=\"attachment-thumbnail size-thumbnail\" alt=\"\" loading=\"lazy\" aria-describedby=\"gallery-1-3021\" srcset=\"https:\/\/iesmendillorribhi.educacion.navarra.es\/blogs\/wp-content\/uploads\/2013\/12\/20131220-UrteBukaerakoFesta-9-150x150.jpg 150w, https:\/\/iesmendillorribhi.educacion.navarra.es\/blogs\/wp-content\/uploads\/2013\/12\/20131220-UrteBukaerakoFesta-9-144x144.jpg 144w, https:\/\/iesmendillorribhi.educacion.navarra.es\/blogs\/wp-content\/uploads\/2013\/12\/20131220-UrteBukaerakoFesta-9-70x70.jpg 70w\" sizes=\"(max-width: 150px) 100vw, 150px\" \/><\/a>\n\t\t\t<\/div>\n\t\t\t\t<figcaption class='wp-caption-text gallery-caption' id='gallery-1-3021'>\n\t\t\t\t2013-12-20 Urte Bukaerako Festa\n\t\t\t\t<\/figcaption><\/figure>\n\t\t<\/div>\n\n","protected":false},"excerpt":{"rendered":"<p>El \u00faltimo d\u00eda de clase celebramo una peque\u00f1a fiesta organizada por el grupo de euskera y algunos alumnos. Las actividades fueron un campeonato de mus, bailes regionales, un peque\u00f1o concierto y una chocolatatda. Aqu\u00ed hay algunas fotos de ese d\u00eda.<\/p>\n","protected":false},"author":36,"featured_media":3001,"comment_status":"closed","ping_status":"open","sticky":false,"template":"","format":"standard","meta":{"_genesis_hide_title":false,"_genesis_hide_breadcrumbs":false,"_genesis_hide_singular_image":false,"_genesis_hide_footer_widgets":false,"_genesis_custom_body_class":"","_genesis_custom_post_class":"","_genesis_layout":""},"categories":[56],"tags":[],"featured_image_src":"https:\/\/iesmendillorribhi.educacion.navarra.es\/blogs\/wp-content\/uploads\/2013\/12\/20131220-UrteBukaerakoFesta-7.jpg","featured_image_src_square":"https:\/\/iesmendillorribhi.educacion.navarra.es\/blogs\/wp-content\/uploads\/2013\/12\/20131220-UrteBukaerakoFesta-7.jpg","author_info":{"display_name":"","author_link":"https:\/\/iesmendillorribhi.educacion.navarra.es\/blogs\/blog\/author\/"},"_links":{"self":[{"href":"https:\/\/iesmendillorribhi.educacion.navarra.es\/blogs\/wp-json\/wp\/v2\/posts\/2552"}],"collection":[{"href":"https:\/\/iesmendillorribhi.educacion.navarra.es\/blogs\/wp-json\/wp\/v2\/posts"}],"about":[{"href":"https:\/\/iesmendillorribhi.educacion.navarra.es\/blogs\/wp-json\/wp\/v2\/types\/post"}],"author":[{"embeddable":true,"href":"https:\/\/iesmendillorribhi.educacion.navarra.es\/blogs\/wp-json\/wp\/v2\/users\/36"}],"replies":[{"embeddable":true,"href":"https:\/\/iesmendillorribhi.educacion.navarra.es\/blogs\/wp-json\/wp\/v2\/comments?post=2552"}],"version-history":[{"count":1,"href":"https:\/\/iesmendillorribhi.educacion.navarra.es\/blogs\/wp-json\/wp\/v2\/posts\/2552\/revisions"}],"predecessor-version":[{"id":3013,"href":"https:\/\/iesmendillorribhi.educacion.navarra.es\/blogs\/wp-json\/wp\/v2\/posts\/2552\/revisions\/3013"}],"wp:featuredmedia":[{"embeddable":true,"href":"https:\/\/iesmendillorribhi.educacion.navarra.es\/blogs\/wp-json\/wp\/v2\/media\/3001"}],"wp:attachment":[{"href":"https:\/\/iesmendillorribhi.educacion.navarra.es\/blogs\/wp-json\/wp\/v2\/media?parent=2552"}],"wp:term":[{"taxonomy":"category","embeddable":true,"href":"https:\/\/iesmendillorribhi.educacion.navarra.es\/blogs\/wp-json\/wp\/v2\/categories?post=2552"},{"taxonomy":"post_tag","embeddable":true,"href":"https:\/\/iesmendillorribhi.educacion.navarra.es\/blogs\/wp-json\/wp\/v2\/tags?post=2552"}],"curies":[{"name":"wp","href":"https:\/\/api.w.org\/{rel}","templated":true}]}}