{"id":2672,"date":"2017-03-06T18:25:52","date_gmt":"2017-03-06T17:25:52","guid":{"rendered":"http:\/\/iesmendillorribhi.educacion.navarra.es\/blogs\/blog\/2017\/03\/06\/admision-curso-2017-2018\/"},"modified":"2019-05-20T02:17:31","modified_gmt":"2019-05-20T00:17:31","slug":"admision-curso-2017-2018","status":"publish","type":"post","link":"https:\/\/iesmendillorribhi.educacion.navarra.es\/blogs\/blog\/admision-curso-2017-2018\/","title":{"rendered":"Admisi\u00f3n Curso 2017-2018"},"content":{"rendered":"<p>&nbsp;<\/p>\n<p>Ante la llegada del periodo de solicitud de admisi\u00f3n de nuevos alumnos para el curso 2017-2018 el IES Mendillorri ofrece informaci\u00f3n para ayudar en el proceso.<\/p>\n<p><img loading=\"lazy\" class=\"alignright\" src=\"https:\/\/lh3.googleusercontent.com\/l8Tot9hJWoh1DMqmhCIpDNn3FEJhQ5BDutBzbaLgkapuHJqzQiLdkvj6WH9B3RGEZamQIHFhfIjw=w1300-h922-no\" alt=\"\" width=\"325\" height=\"230\"><\/p>\n<p style=\"text-align: right;\"><a href=\"https:\/\/iesmendillorribhi.educacion.navarra.es\/blogs\/?page_id=2446\">Oferta educativa<\/a><\/p>\n<p style=\"text-align: right;\"><a href=\"http:\/\/zerbimendi.educacion.navarra.es\/owncloud\/index.php\/s\/11i5gcFlrAyfDDc\/download\" rel=\"\">Tr\u00edptico informativo<\/a><\/p>\n<p style=\"text-align: right;\"><a href=\"https:\/\/iesmendillorribhi.educacion.navarra.es\/blogs\/optativas-de-1er-ciclo-de-eso\/\">Oferta de optativas<\/a><\/p>\n<h1>Qui\u00e9nes<\/h1>\n<p>La admisi\u00f3n solo la tiene que realizar aquel alumnado que ahora no este en el centro (mayoritariamente alumnado de 6\u00ba de Primaria o aquellos que dejen su centro de Secundaria para seguir curs\u00e1ndola en Mendillorri).<\/p>\n<p>El alumnado del IES Mendillorri \u00fanicamente tendr\u00e1 que entregar la matr\u00edcula con la selecci\u00f3n de optativas para el pr\u00f3ximo curso antes del d\u00eda 12 de abril.<\/p>\n<h1>C\u00f3mo<\/h1>\n<h3>Centros adscritos<\/h3>\n<p>El IES Mendillorri organiza jornadas de acogida para las familias de los centros adscritos (<em>CPEIP Mendillorri, CPEIP El Lago, CPEIP Hermanas Uriz P\u00ed, CPEIP Beriain, Elorri HLHIP, Mendigoiti HLHIP, San Pedro HLHIP, San Miguel HLHIP,&nbsp;Joakin Lizarraga HLHIP<\/em>).<\/p>\n<ul>\n<li>Elorri HLHIP: 22\/3\/2017 a las 16:30 en el edificio del Lago<\/li>\n<li>Mendigoiti HLHIP: 22\/3\/2017 a las 18:00 en el edificio del Lago<\/li>\n<li>San Pedro HLHIP:20\/3\/2017 a las 17:15 en el edificio del Lago<\/li>\n<li>San Miguel HLHIP: 20\/3\/2017 a las 17:15 en el edificio del Lago<\/li>\n<li>Joakin Lizarraga HLHIP: 20\/3\/2017 a las 17:15 en el edificio del Lago<\/li>\n<li>CPEIP Mendillorri: 14\/3\/2017 a las 17:00 en el edificio del Lago<\/li>\n<li>CPEIP El Lago: 16\/3\/2017 a las 17:00 en el edificio del Lago<\/li>\n<li>CPEIP Hermanas Uriz P\u00ed: 13\/3\/2017 a las 16:45, en el CPEIP Hermanas Uriz P\u00ed. Y visita guiada el d\u00eda 5\/4\/2016 a las 18:00 en el edificio del Lago.<\/li>\n<li>CPEIP Beriain: 23\/03\/2017 a las 17:15 en el edificio del Lago<\/li>\n<\/ul>\n<p>En estas sesiones adem\u00e1s de explicar el funcionamiento e instalaciones del centro se reparte los impresos a rellenar. Para aquellas familias que no hayan podido asistir se entrega esta documentaci\u00f3n por medio de los tutores de la escuela.<\/p>\n<p>Esta documentaci\u00f3n hay que entregarla a los tutores antes del d\u00eda 31 de marzo para que pueda hacerse la adscripci\u00f3n. Aquellos alumnos\/as que soliciten esta adscripci\u00f3n est\u00e1n admitidos autom\u00e1ticamente y con la matr\u00edcula realizada, no es necesario hacer ning\u00fan tramite adicional.<\/p>\n<p><strong>Nota:<\/strong> Desde el centro y el Departamento de Educaci\u00f3n se recomienda formalizar la adscripci\u00f3n ya que esta asegura una plaza en el centro a\u00fan habi\u00e9ndose denegado las solicitudes realizadas en centros externos.<\/p>\n<h3>Alumnado no adscrito<\/h3>\n<p>El alumnado de centros no adscritos tendr\u00e1 que cursar una solicitud de admisi\u00f3n en las fechas que fije por el Departamento de Educaci\u00f3n .<\/p>\n<p>Para estas familias el centro organiza una jornada de puertas abiertas el d\u00eda 29 de marzo a las 17:00 en el edificio del Lago (Calle del Lago, s\/n).<\/p>\n<p>En este <a href=\"https:\/\/iesmendillorribhi.educacion.navarra.es\/blogs\/matriculacion-y-admision\/\">enlace<\/a> se puede encontrar informaci\u00f3n sobre la documentaci\u00f3n a entregar.<\/p>\n<p>Pueden leer informaci\u00f3n sobre m\u00e1s casu\u00edstica de admisi\u00f3n en este <a href=\"https:\/\/iesmendillorribhi.educacion.navarra.es\/blogs\/matriculacion-y-admision\/\">enlace<\/a> y en la p\u00e1gina de <a href=\"http:\/\/www.educacion.navarra.es\/web\/dpto\/escolarizacion\">escolarizaci\u00f3n<\/a> del departamento de educaci\u00f3n.<\/p>\n<p><img loading=\"lazy\" class=\"alignleft\" src=\"https:\/\/lh3.googleusercontent.com\/zsEzeIaznZUX5FBODJpnbiMwN6j_6KhdEcw4nXkiOxdscla87yulJaaTavC7m3rk7kQdyawtN-zS=w1608-h922-no\" alt=\"\" width=\"800\" height=\"460\"><\/p>\n","protected":false},"excerpt":{"rendered":"<p>&nbsp; Ante la llegada del periodo de solicitud de admisi\u00f3n de nuevos alumnos para el curso 2017-2018 el IES Mendillorri ofrece informaci\u00f3n para ayudar en el proceso. Oferta educativa Tr\u00edptico informativo Oferta de optativas Qui\u00e9nes La admisi\u00f3n solo la tiene que realizar aquel alumnado que ahora no este en el centro (mayoritariamente alumnado de 6\u00ba [&hellip;]<\/p>\n","protected":false},"author":45,"featured_media":2932,"comment_status":"closed","ping_status":"open","sticky":false,"template":"","format":"standard","meta":{"_genesis_hide_title":false,"_genesis_hide_breadcrumbs":false,"_genesis_hide_singular_image":false,"_genesis_hide_footer_widgets":false,"_genesis_custom_body_class":"","_genesis_custom_post_class":"","_genesis_layout":""},"categories":[50,51],"tags":[],"featured_image_src":"https:\/\/iesmendillorribhi.educacion.navarra.es\/blogs\/wp-content\/uploads\/2017\/03\/matrikula.png","featured_image_src_square":"https:\/\/iesmendillorribhi.educacion.navarra.es\/blogs\/wp-content\/uploads\/2017\/03\/matrikula.png","author_info":{"display_name":"IES Mendillorri BHI","author_link":"https:\/\/iesmendillorribhi.educacion.navarra.es\/blogs\/blog\/author\/asier_urio-larrea\/"},"_links":{"self":[{"href":"https:\/\/iesmendillorribhi.educacion.navarra.es\/blogs\/wp-json\/wp\/v2\/posts\/2672"}],"collection":[{"href":"https:\/\/iesmendillorribhi.educacion.navarra.es\/blogs\/wp-json\/wp\/v2\/posts"}],"about":[{"href":"https:\/\/iesmendillorribhi.educacion.navarra.es\/blogs\/wp-json\/wp\/v2\/types\/post"}],"author":[{"embeddable":true,"href":"https:\/\/iesmendillorribhi.educacion.navarra.es\/blogs\/wp-json\/wp\/v2\/users\/45"}],"replies":[{"embeddable":true,"href":"https:\/\/iesmendillorribhi.educacion.navarra.es\/blogs\/wp-json\/wp\/v2\/comments?post=2672"}],"version-history":[{"count":2,"href":"https:\/\/iesmendillorribhi.educacion.navarra.es\/blogs\/wp-json\/wp\/v2\/posts\/2672\/revisions"}],"predecessor-version":[{"id":3041,"href":"https:\/\/iesmendillorribhi.educacion.navarra.es\/blogs\/wp-json\/wp\/v2\/posts\/2672\/revisions\/3041"}],"wp:featuredmedia":[{"embeddable":true,"href":"https:\/\/iesmendillorribhi.educacion.navarra.es\/blogs\/wp-json\/wp\/v2\/media\/2932"}],"wp:attachment":[{"href":"https:\/\/iesmendillorribhi.educacion.navarra.es\/blogs\/wp-json\/wp\/v2\/media?parent=2672"}],"wp:term":[{"taxonomy":"category","embeddable":true,"href":"https:\/\/iesmendillorribhi.educacion.navarra.es\/blogs\/wp-json\/wp\/v2\/categories?post=2672"},{"taxonomy":"post_tag","embeddable":true,"href":"https:\/\/iesmendillorribhi.educacion.navarra.es\/blogs\/wp-json\/wp\/v2\/tags?post=2672"}],"curies":[{"name":"wp","href":"https:\/\/api.w.org\/{rel}","templated":true}]}}