{"id":2734,"date":"2018-06-29T23:44:39","date_gmt":"2018-06-29T21:44:39","guid":{"rendered":"http:\/\/iesmendillorribhi.educacion.navarra.es\/blogs\/blog\/2018\/06\/29\/inicio-curso-2018-2019\/"},"modified":"2019-05-20T01:23:05","modified_gmt":"2019-05-19T23:23:05","slug":"inicio-curso-2018-2019","status":"publish","type":"post","link":"https:\/\/iesmendillorribhi.educacion.navarra.es\/blogs\/blog\/inicio-curso-2018-2019\/","title":{"rendered":"Inicio Curso 2018-2019"},"content":{"rendered":"<p>Aqu\u00ed est\u00e1 la informaci\u00f3n actualizada para el curso 2018-2019:<\/p>\n<ul>\n<li><a href=\"https:\/\/iesmendillorribhi.educacion.navarra.es\/blogs\/eu\/eskola-egutegia\/\">Calendario escolar<\/a><\/li>\n<li><a href=\"https:\/\/iesmendillorribhi.educacion.navarra.es\/blogs\/eu\/testu-liburuak\/\">Libros de texto<\/a><\/li>\n<\/ul>\n<p>Todav\u00eda est\u00e1n pendientes de actualizar el transporte y la programaciones.<\/p>\n<p>El curso comienza el d\u00eda 7 con las sesiones de acogida:<\/p>\n<h4 class=\"western\">Edificio Lago:<\/h4>\n<ul>\n<li>\n<p class=\"western\">Alumnado de 1\u00ba ESO de modelo A\/G: 9:30.<\/p>\n<\/li>\n<li>\n<p class=\"western\">Alumnado de 1. DBH de modelo D: 10:00.<\/p>\n<\/li>\n<li>\n<p class=\"western\">Alumnado de 2\u00ba ESO de modelo A\/G: 10:30.<\/p>\n<\/li>\n<li>\n<p class=\"western\">Alumnado de 2. DBH de modelo D: 11:00.<\/p>\n<\/li>\n<\/ul>\n<p class=\"western\">Este alumnado deber\u00e1 acudir al patio del edificio Lago 5 minutos antes de la hora asignada.<\/p>\n<p class=\"western\">El alumnado permanecer\u00e1 en el recinto desde que llegue hasta las 12.15. A partir de esta hora podr\u00e1 ir al autob\u00fas (salida a las 12:30) o a su casa.<\/p>\n<h4 class=\"western\">Edificio Aguas:<\/h4>\n<ul>\n<li>\n<p class=\"western\">Alumnado de 3\u00ba ESO de modelo A\/G: 9:30.<\/p>\n<\/li>\n<li>\n<p class=\"western\">Alumnado de 3. DBH de modelo D: 10:00.<\/p>\n<\/li>\n<li>\n<p class=\"western\">Alumnado de 4\u00ba ESO de modelo A\/G: 10:30.<\/p>\n<\/li>\n<li>\n<p class=\"western\">Alumnado de 4. DBH de modelo D: 11:00.<\/p>\n<\/li>\n<li>\n<p class=\"western\">Alumnado de 1\u00ba Bachiller de modelo A\/G: 12:00.<\/p>\n<\/li>\n<li>\n<p class=\"western\">Alumnado de 1. Bachiller de modelo D: 12:30.<\/p>\n<\/li>\n<li>Alumnado de 1\u00ba Bachiller de modelo A\/G: 13:00.<\/li>\n<li>\n<p class=\"western\">Alumnado de 2. Bachiller de modelo D: 13:30.<\/p>\n<\/li>\n<\/ul>\n<p class=\"western\">Este alumnado deber\u00e1 acudir a la entrada principal del edificio Aguas cinco minutos antes de la hora asignada.<\/p>\n<p class=\"western\">El alumnado de ESO permanecer\u00e1 en el recinto desde que llegue hasta las 12.15. A partir de esta hora podr\u00e1 ir al autob\u00fas (salida a las 12:30) o a su casa.<\/p>\n<p class=\"western\">Todo el alumnado ser\u00e1 recibido por el equipo directivo y su tutor\/a, que les informar\u00e1 sobre el funcionamiento del nuevo curso.<\/p>\n","protected":false},"excerpt":{"rendered":"<p>Aqu\u00ed est\u00e1 la informaci\u00f3n actualizada para el curso 2018-2019: Calendario escolar Libros de texto Todav\u00eda est\u00e1n pendientes de actualizar el transporte y la programaciones. El curso comienza el d\u00eda 7 con las sesiones de acogida: Edificio Lago: Alumnado de 1\u00ba ESO de modelo A\/G: 9:30. Alumnado de 1. DBH de modelo D: 10:00. Alumnado de [&hellip;]<\/p>\n","protected":false},"author":45,"featured_media":0,"comment_status":"closed","ping_status":"open","sticky":false,"template":"","format":"standard","meta":{"_genesis_hide_title":false,"_genesis_hide_breadcrumbs":false,"_genesis_hide_singular_image":false,"_genesis_hide_footer_widgets":false,"_genesis_custom_body_class":"","_genesis_custom_post_class":"","_genesis_layout":""},"categories":[67],"tags":[],"featured_image_src":null,"featured_image_src_square":null,"author_info":{"display_name":"IES Mendillorri BHI","author_link":"https:\/\/iesmendillorribhi.educacion.navarra.es\/blogs\/blog\/author\/asier_urio-larrea\/"},"_links":{"self":[{"href":"https:\/\/iesmendillorribhi.educacion.navarra.es\/blogs\/wp-json\/wp\/v2\/posts\/2734"}],"collection":[{"href":"https:\/\/iesmendillorribhi.educacion.navarra.es\/blogs\/wp-json\/wp\/v2\/posts"}],"about":[{"href":"https:\/\/iesmendillorribhi.educacion.navarra.es\/blogs\/wp-json\/wp\/v2\/types\/post"}],"author":[{"embeddable":true,"href":"https:\/\/iesmendillorribhi.educacion.navarra.es\/blogs\/wp-json\/wp\/v2\/users\/45"}],"replies":[{"embeddable":true,"href":"https:\/\/iesmendillorribhi.educacion.navarra.es\/blogs\/wp-json\/wp\/v2\/comments?post=2734"}],"version-history":[{"count":1,"href":"https:\/\/iesmendillorribhi.educacion.navarra.es\/blogs\/wp-json\/wp\/v2\/posts\/2734\/revisions"}],"predecessor-version":[{"id":2916,"href":"https:\/\/iesmendillorribhi.educacion.navarra.es\/blogs\/wp-json\/wp\/v2\/posts\/2734\/revisions\/2916"}],"wp:attachment":[{"href":"https:\/\/iesmendillorribhi.educacion.navarra.es\/blogs\/wp-json\/wp\/v2\/media?parent=2734"}],"wp:term":[{"taxonomy":"category","embeddable":true,"href":"https:\/\/iesmendillorribhi.educacion.navarra.es\/blogs\/wp-json\/wp\/v2\/categories?post=2734"},{"taxonomy":"post_tag","embeddable":true,"href":"https:\/\/iesmendillorribhi.educacion.navarra.es\/blogs\/wp-json\/wp\/v2\/tags?post=2734"}],"curies":[{"name":"wp","href":"https:\/\/api.w.org\/{rel}","templated":true}]}}