{"id":3204,"date":"2019-07-01T00:00:36","date_gmt":"2019-06-30T22:00:36","guid":{"rendered":"http:\/\/iesmendillorribhi.educacion.navarra.es\/blogs\/?p=3204"},"modified":"2019-07-02T16:03:59","modified_gmt":"2019-07-02T14:03:59","slug":"curso-2019-20","status":"publish","type":"post","link":"https:\/\/iesmendillorribhi.educacion.navarra.es\/blogs\/blog\/curso-2019-20\/","title":{"rendered":"Curso 2019-20"},"content":{"rendered":"\n<p>A continuaci\u00f3n mostramos la informaci\u00f3n m\u00e1s relevante del curso 2019-20:<\/p>\n\n\n\n<h2>Calendario escolar<\/h2>\n\n\n\n<p>En <a href=\"https:\/\/iesmendillorribhi.educacion.navarra.es\/blogs\/es\/curso-2018-2019\/calendario-escolar\/\">esta p\u00e1gina<\/a> est\u00e1n todos los detalles.<\/p>\n\n\n\n<p>El curso comenzar\u00e1 el d\u00eda <strong>6 de septiembre <\/strong>para la ESO y 1\u00ba de Bachillerato con el d\u00eda de acogida. Este d\u00eda tendr\u00e1 un horario especial que os haremos saber a finales de agosto.<\/p>\n\n\n\n<p>El alumnado de 2\u00ba de Bachillerato tendr\u00e1 la acogida el d\u00eda 5 de septiembre.<\/p>\n\n\n\n<h2>Libros de texto<\/h2>\n\n\n\n<p>En <a href=\"https:\/\/iesmendillorribhi.educacion.navarra.es\/blogs\/es\/curso-2018-2019\/libros-de-texto\/\">esta p\u00e1gina<\/a> est\u00e1 el listado de los libros de texto.<\/p>\n\n\n\n<p>Tened en cuenta que la mayor\u00eda de los libros de texto de la ESO est\u00e1n incluidos en el programa de gratuidad y no es necesario comprarlos. S\u00ed se compran los cuadernos de actividades de los idiomas.<\/p>\n\n\n\n<h2>Actividades Extra escolares<\/h2>\n\n\n\n<p>La APYMA Urmendi ha propuesto una serie de actividades para desarrollar durante el pr\u00f3ximo curso.<\/p>\n\n\n\n<p>M\u00e1s informaci\u00f3n <a href=\"https:\/\/docs.google.com\/document\/d\/1dNc89q00Ebc7tcyGdicE-17EEwtiHz5xxunQwRHxFK4\/edit?usp=sharing\">aqu\u00ed<\/a>.<\/p>\n\n\n\n<h2>Transporte<\/h2>\n\n\n\n<p>En <a href=\"https:\/\/iesmendillorribhi.educacion.navarra.es\/blogs\/es\/curso-2018-2019\/transporte\/\">esta p\u00e1gina<\/a> hay m\u00e1s informaci\u00f3n sobre el transporte de este curso. La organizaci\u00f3n del mismo se acuerda con el Departamento de Educaci\u00f3n a lo largo del a\u00f1o.<\/p>\n\n\n\n<p><strong>A finales de agosto<\/strong>, una vez est\u00e9 todo configurado os haremos saber individualmente cual es vuestra parada y su horario.<\/p>\n","protected":false},"excerpt":{"rendered":"<p>A continuaci\u00f3n mostramos la informaci\u00f3n m\u00e1s relevante del curso 2019-20: Calendario escolar En esta p\u00e1gina est\u00e1n todos los detalles. El curso comenzar\u00e1 el d\u00eda 6 de septiembre para la ESO y 1\u00ba de Bachillerato con el d\u00eda de acogida. Este d\u00eda tendr\u00e1 un horario especial que os haremos saber a finales de agosto. El alumnado [&hellip;]<\/p>\n","protected":false},"author":45,"featured_media":0,"comment_status":"closed","ping_status":"open","sticky":false,"template":"","format":"standard","meta":{"_genesis_hide_title":false,"_genesis_hide_breadcrumbs":false,"_genesis_hide_singular_image":false,"_genesis_hide_footer_widgets":false,"_genesis_custom_body_class":"","_genesis_custom_post_class":"","_genesis_layout":""},"categories":[50,67],"tags":[],"featured_image_src":null,"featured_image_src_square":null,"author_info":{"display_name":"IES Mendillorri BHI","author_link":"https:\/\/iesmendillorribhi.educacion.navarra.es\/blogs\/blog\/author\/asier_urio-larrea\/"},"_links":{"self":[{"href":"https:\/\/iesmendillorribhi.educacion.navarra.es\/blogs\/wp-json\/wp\/v2\/posts\/3204"}],"collection":[{"href":"https:\/\/iesmendillorribhi.educacion.navarra.es\/blogs\/wp-json\/wp\/v2\/posts"}],"about":[{"href":"https:\/\/iesmendillorribhi.educacion.navarra.es\/blogs\/wp-json\/wp\/v2\/types\/post"}],"author":[{"embeddable":true,"href":"https:\/\/iesmendillorribhi.educacion.navarra.es\/blogs\/wp-json\/wp\/v2\/users\/45"}],"replies":[{"embeddable":true,"href":"https:\/\/iesmendillorribhi.educacion.navarra.es\/blogs\/wp-json\/wp\/v2\/comments?post=3204"}],"version-history":[{"count":2,"href":"https:\/\/iesmendillorribhi.educacion.navarra.es\/blogs\/wp-json\/wp\/v2\/posts\/3204\/revisions"}],"predecessor-version":[{"id":3806,"href":"https:\/\/iesmendillorribhi.educacion.navarra.es\/blogs\/wp-json\/wp\/v2\/posts\/3204\/revisions\/3806"}],"wp:attachment":[{"href":"https:\/\/iesmendillorribhi.educacion.navarra.es\/blogs\/wp-json\/wp\/v2\/media?parent=3204"}],"wp:term":[{"taxonomy":"category","embeddable":true,"href":"https:\/\/iesmendillorribhi.educacion.navarra.es\/blogs\/wp-json\/wp\/v2\/categories?post=3204"},{"taxonomy":"post_tag","embeddable":true,"href":"https:\/\/iesmendillorribhi.educacion.navarra.es\/blogs\/wp-json\/wp\/v2\/tags?post=3204"}],"curies":[{"name":"wp","href":"https:\/\/api.w.org\/{rel}","templated":true}]}}