{"id":3637,"date":"2020-03-13T14:00:08","date_gmt":"2020-03-13T13:00:08","guid":{"rendered":"http:\/\/iesmendillorribhi.educacion.navarra.es\/blogs\/?p=3637"},"modified":"2020-03-14T09:21:01","modified_gmt":"2020-03-14T08:21:01","slug":"comunicacion-13-de-marzo","status":"publish","type":"post","link":"https:\/\/iesmendillorribhi.educacion.navarra.es\/blogs\/blog\/comunicacion-13-de-marzo\/","title":{"rendered":"Comunicaci\u00f3n 13 de marzo"},"content":{"rendered":"\n<p>Estimadas familias:<br><\/p>\n\n\n\n<p>Tal y como os informamos la tarde de ayer la actividad lectiva presencial del centro cesar\u00e1 hasta, al menos, el d\u00eda 31 de marzo.<br><\/p>\n\n\n\n<p>Os mantendremos informados seg\u00fan nos lleguen directrices actualizadas desde el Departamento de Educaci\u00f3n.<br><\/p>\n\n\n\n<p>Mediante este mensaje os queremos hacer llegar las medidas y consideraciones sobre la organizaci\u00f3n de estos d\u00edas.<br><\/p>\n\n\n\n<p><strong>Seguimiento acad\u00e9mico<\/strong><\/p>\n\n\n\n<p>Durante este periodo cada docente crear\u00e1 un aula virtual en la plataforma <a href=\"https:\/\/classroom.google.com\/\">Classroom<\/a> a la que todo el alumnado tiene acceso mediante la cuenta @educacion.navarra.es<br><\/p>\n\n\n\n<p>A trav\u00e9s de esta plataforma se har\u00e1 llegar al alumnado los contenidos a trabajar y las actividades a realizar en cada sesi\u00f3n.<br><\/p>\n\n\n\n<p>El profesorado estar\u00e1 disponible, al menos, de manera on-line durante el horario y calendario correspondiente a cada asignatura. De esta forma el alumnado podr\u00e1 interactuar y hacer las consultas pertinentes.<br><\/p>\n\n\n\n<p>As\u00ed garantizamos, en la medida de lo posible, el seguimiento del proceso de ense\u00f1anza-aprendizaje del alumnado.<br><\/p>\n\n\n\n<p><strong>Tutor\u00eda<\/strong><\/p>\n\n\n\n<p>La persona tutora estar\u00e1 a disposici\u00f3n de su alumnado y familias a trav\u00e9s del correo electr\u00f3nico.&nbsp;<\/p>\n\n\n\n<p>Quedan suspendidas las entrevistas presenciales.<\/p>\n\n\n\n<p>La sesi\u00f3n de tutor\u00eda se utilizar\u00e1 para hacer un seguimiento de las actividades desarrolladas a lo largo de este periodo.<br><\/p>\n\n\n\n<p><strong>Seguimiento familiar<\/strong><\/p>\n\n\n\n<p>La organizaci\u00f3n de este periodo para garantizar el mejor aprovechamiento del alumnado supone un gran esfuerzo para el Instituto. Por lo tanto os solicitamos y agradecemos de antemano vuestra ayuda en lo que respecta a hacer cumplir el horario y trabajo escolar por parte de vuestros hijos e hijas.<br><\/p>\n\n\n\n<p><strong>Salud p\u00fablica<\/strong><\/p>\n\n\n\n<p>Ante esta situaci\u00f3n, y con el fin de que estas medidas excepcionales consigan frenar la propagaci\u00f3n del COVID-19, siempre siguiendo las directrices del Gobierno, apelamos a la responsabilidad colectiva y social extremando las medidas preventivas oficiales. Queremos destacar la importancia de reducir el contacto con otras personas por dif\u00edcil que sea, especialmente para los adolescentes.<\/p>\n\n\n\n<p><\/p>\n\n\n\n<p>Como siempre estamos a vuestra disposici\u00f3n para cualquier duda o situaci\u00f3n que pueda surgir.&nbsp;<br><\/p>\n\n\n\n<p>Un saludo cordial<br><\/p>\n","protected":false},"excerpt":{"rendered":"<p>Estimadas familias: Tal y como os informamos la tarde de ayer la actividad lectiva presencial del centro cesar\u00e1 hasta, al menos, el d\u00eda 31 de marzo. Os mantendremos informados seg\u00fan nos lleguen directrices actualizadas desde el Departamento de Educaci\u00f3n. Mediante este mensaje os queremos hacer llegar las medidas y consideraciones sobre la organizaci\u00f3n de estos [&hellip;]<\/p>\n","protected":false},"author":45,"featured_media":0,"comment_status":"closed","ping_status":"open","sticky":false,"template":"","format":"standard","meta":{"_genesis_hide_title":false,"_genesis_hide_breadcrumbs":false,"_genesis_hide_singular_image":false,"_genesis_hide_footer_widgets":false,"_genesis_custom_body_class":"","_genesis_custom_post_class":"","_genesis_layout":""},"categories":[76],"tags":[],"featured_image_src":null,"featured_image_src_square":null,"author_info":{"display_name":"IES Mendillorri BHI","author_link":"https:\/\/iesmendillorribhi.educacion.navarra.es\/blogs\/blog\/author\/asier_urio-larrea\/"},"_links":{"self":[{"href":"https:\/\/iesmendillorribhi.educacion.navarra.es\/blogs\/wp-json\/wp\/v2\/posts\/3637"}],"collection":[{"href":"https:\/\/iesmendillorribhi.educacion.navarra.es\/blogs\/wp-json\/wp\/v2\/posts"}],"about":[{"href":"https:\/\/iesmendillorribhi.educacion.navarra.es\/blogs\/wp-json\/wp\/v2\/types\/post"}],"author":[{"embeddable":true,"href":"https:\/\/iesmendillorribhi.educacion.navarra.es\/blogs\/wp-json\/wp\/v2\/users\/45"}],"replies":[{"embeddable":true,"href":"https:\/\/iesmendillorribhi.educacion.navarra.es\/blogs\/wp-json\/wp\/v2\/comments?post=3637"}],"version-history":[{"count":1,"href":"https:\/\/iesmendillorribhi.educacion.navarra.es\/blogs\/wp-json\/wp\/v2\/posts\/3637\/revisions"}],"predecessor-version":[{"id":3638,"href":"https:\/\/iesmendillorribhi.educacion.navarra.es\/blogs\/wp-json\/wp\/v2\/posts\/3637\/revisions\/3638"}],"wp:attachment":[{"href":"https:\/\/iesmendillorribhi.educacion.navarra.es\/blogs\/wp-json\/wp\/v2\/media?parent=3637"}],"wp:term":[{"taxonomy":"category","embeddable":true,"href":"https:\/\/iesmendillorribhi.educacion.navarra.es\/blogs\/wp-json\/wp\/v2\/categories?post=3637"},{"taxonomy":"post_tag","embeddable":true,"href":"https:\/\/iesmendillorribhi.educacion.navarra.es\/blogs\/wp-json\/wp\/v2\/tags?post=3637"}],"curies":[{"name":"wp","href":"https:\/\/api.w.org\/{rel}","templated":true}]}}