{"id":3645,"date":"2020-03-14T09:54:03","date_gmt":"2020-03-14T08:54:03","guid":{"rendered":"http:\/\/iesmendillorribhi.educacion.navarra.es\/blogs\/?p=3645"},"modified":"2020-05-26T16:54:50","modified_gmt":"2020-05-26T14:54:50","slug":"gestion-del-cierre-del-centro","status":"publish","type":"post","link":"https:\/\/iesmendillorribhi.educacion.navarra.es\/blogs\/blog\/gestion-del-cierre-del-centro\/","title":{"rendered":"Gesti\u00f3n del cierre del centro"},"content":{"rendered":"\n<p>En este espacio compartiremos informaci\u00f3n sobre la gesti\u00f3n de esta situaci\u00f3n excepcional.<\/p>\n\n\n\n<p>Sabemos que comprender\u00e9is que  la informaci\u00f3n se ir\u00e1 actualizando seg\u00fan var\u00eden las circunstancias.<\/p>\n\n\n\n<h3>Seguimiento acad\u00e9mico<\/h3>\n\n\n\n<p>El alumnado tendr\u00e1 que acceder a la plataforma <a href=\"https:\/\/classroom.google.com\/\">Classroom<\/a> que ser\u00e1 la que se utilizar\u00e1 como referencia para el contacto entre profesorado y alumnado.<\/p>\n\n\n\n<ul><li>Durante este periodo cada docente crear\u00e1 un aula virtual en la plataforma <a href=\"https:\/\/classroom.google.com\/\">Classroom<\/a> a la que todo el alumnado tiene acceso mediante la cuenta @educacion.navarra.es<\/li><li>Es posible acceder a la plataforma Classroom mediante el ordenador, pero tambi\u00e9n desde un m\u00f3vil o tablet. (<a href=\"https:\/\/www.youtube.com\/watch?v=Qi2vWQJO6ik\">https:\/\/www.youtube.com\/watch?v=Qi2vWQJO6ik<\/a>)<\/li><li>A trav\u00e9s de esta plataforma se har\u00e1 llegar al alumnado los contenidos a trabajar y las actividades a realizar en cada sesi\u00f3n. Las entregas de los trabajos pueden ser fotograf\u00edas de lo que haya hecho en el cuaderno.<\/li><li>El profesorado estar\u00e1 conectado a la plataforma <strong>siguiendo el horario habitual de cada asignatura<\/strong>. De esta forma el alumnado podr\u00e1 interactuar y hacer las consultas pertinentes. Consideramos que es importante por parte del alumnado seguir manteniendo este ritmo habitual. <\/li><li>As\u00ed garantizamos, en la medida de lo posible, el seguimiento del proceso de ense\u00f1anza-aprendizaje del alumnado.<\/li><\/ul>\n\n\n\n<h3>Tutor\u00eda<\/h3>\n\n\n\n<ul><li>La persona tutora estar\u00e1 a disposici\u00f3n de su alumnado y familias a trav\u00e9s del <a href=\"https:\/\/docs.google.com\/document\/d\/1hSI7RUE9J7HpBJos5FyAefnqkVuTvBSU4YRt7v7at1U\/edit?usp=sharing\">correo electr\u00f3nico<\/a>.&nbsp;<\/li><li>Quedan suspendidas las entrevistas presenciales.<\/li><li>La sesi\u00f3n de tutor\u00eda se utilizar\u00e1 para hacer un seguimiento de las actividades desarrolladas a lo largo de este periodo.<\/li><\/ul>\n\n\n\n<h3>Comunicaciones<\/h3>\n\n\n\n<p><a href=\"https:\/\/iesmendillorribhi.educacion.navarra.es\/blogs\/blog\/comunicacion-26-de-mayo-2o-bachillerato\/\">Martes 26 de mayo: 2\u00ba Bachillerato<\/a><\/p>\n\n\n\n<p><a href=\"https:\/\/iesmendillorribhi.educacion.navarra.es\/blogs\/blog\/entregalibrosmayo\/\">Lunes 25 de mayo: Libros de texto<\/a><\/p>\n\n\n\n<p><a href=\"https:\/\/iesmendillorribhi.educacion.navarra.es\/blogs\/blog\/comunicacion-28-de-abril\/\">Martes 28 de abril<\/a><\/p>\n\n\n\n<p><a href=\"https:\/\/iesmendillorribhi.educacion.navarra.es\/blogs\/blog\/apirilaren-20ko-komunikazioa\/\">Lunes 20 de abril<\/a><\/p>\n\n\n\n<p><a href=\"https:\/\/iesmendillorribhi.educacion.navarra.es\/blogs\/blog\/comunicacion-16-de-marzo\/\">Mi\u00e9rcoles 18 de marzo<\/a><\/p>\n\n\n\n<p><a href=\"https:\/\/iesmendillorribhi.educacion.navarra.es\/blogs\/eu\/blog\/comunicacion-16-de-marzo-al-alumnado\/\">Lunes 16 de marzo (al alumnado)<\/a><\/p>\n\n\n\n<p><a href=\"https:\/\/iesmendillorribhi.educacion.navarra.es\/blogs\/blog\/comunicacion-13-de-marzo\/\">Viernes 13 de marzo<\/a><\/p>\n\n\n\n<p><a href=\"https:\/\/iesmendillorribhi.educacion.navarra.es\/blogs\/blog\/comunicacion-jueves-12-de-marzo\/\">Jueves 12 de marzo<\/a><\/p>\n\n\n\n<h3>Informaci\u00f3n oficial<\/h3>\n\n\n\n<p><a href=\"https:\/\/coronavirus.navarra.es\/\">Web del Gobierno de Navarra sobre el virus<\/a><\/p>\n\n\n\n<p><a href=\"https:\/\/www.mscbs.gob.es\/profesionales\/saludPublica\/ccayes\/alertasActual\/nCov-China\/home.htm\">Web del Ministerio de Sanidad sobre el virus<\/a><\/p>\n\n\n\n<p><a href=\"https:\/\/www.educacion.navarra.es\/\">Web principal del Departamento de Educaci\u00f3n<\/a><\/p>\n","protected":false},"excerpt":{"rendered":"<p>En este espacio compartiremos informaci\u00f3n sobre la gesti\u00f3n de esta situaci\u00f3n excepcional. Sabemos que comprender\u00e9is que la informaci\u00f3n se ir\u00e1 actualizando seg\u00fan var\u00eden las circunstancias. Seguimiento acad\u00e9mico El alumnado tendr\u00e1 que acceder a la plataforma Classroom que ser\u00e1 la que se utilizar\u00e1 como referencia para el contacto entre profesorado y alumnado. Durante este periodo cada [&hellip;]<\/p>\n","protected":false},"author":45,"featured_media":3672,"comment_status":"closed","ping_status":"open","sticky":false,"template":"","format":"standard","meta":{"_genesis_hide_title":false,"_genesis_hide_breadcrumbs":false,"_genesis_hide_singular_image":false,"_genesis_hide_footer_widgets":false,"_genesis_custom_body_class":"","_genesis_custom_post_class":"","_genesis_layout":""},"categories":[82],"tags":[],"featured_image_src":"https:\/\/iesmendillorribhi.educacion.navarra.es\/blogs\/wp-content\/uploads\/2020\/03\/Icono-Inicio.jpg","featured_image_src_square":"https:\/\/iesmendillorribhi.educacion.navarra.es\/blogs\/wp-content\/uploads\/2020\/03\/Icono-Inicio.jpg","author_info":{"display_name":"IES Mendillorri BHI","author_link":"https:\/\/iesmendillorribhi.educacion.navarra.es\/blogs\/blog\/author\/asier_urio-larrea\/"},"_links":{"self":[{"href":"https:\/\/iesmendillorribhi.educacion.navarra.es\/blogs\/wp-json\/wp\/v2\/posts\/3645"}],"collection":[{"href":"https:\/\/iesmendillorribhi.educacion.navarra.es\/blogs\/wp-json\/wp\/v2\/posts"}],"about":[{"href":"https:\/\/iesmendillorribhi.educacion.navarra.es\/blogs\/wp-json\/wp\/v2\/types\/post"}],"author":[{"embeddable":true,"href":"https:\/\/iesmendillorribhi.educacion.navarra.es\/blogs\/wp-json\/wp\/v2\/users\/45"}],"replies":[{"embeddable":true,"href":"https:\/\/iesmendillorribhi.educacion.navarra.es\/blogs\/wp-json\/wp\/v2\/comments?post=3645"}],"version-history":[{"count":8,"href":"https:\/\/iesmendillorribhi.educacion.navarra.es\/blogs\/wp-json\/wp\/v2\/posts\/3645\/revisions"}],"predecessor-version":[{"id":3777,"href":"https:\/\/iesmendillorribhi.educacion.navarra.es\/blogs\/wp-json\/wp\/v2\/posts\/3645\/revisions\/3777"}],"wp:featuredmedia":[{"embeddable":true,"href":"https:\/\/iesmendillorribhi.educacion.navarra.es\/blogs\/wp-json\/wp\/v2\/media\/3672"}],"wp:attachment":[{"href":"https:\/\/iesmendillorribhi.educacion.navarra.es\/blogs\/wp-json\/wp\/v2\/media?parent=3645"}],"wp:term":[{"taxonomy":"category","embeddable":true,"href":"https:\/\/iesmendillorribhi.educacion.navarra.es\/blogs\/wp-json\/wp\/v2\/categories?post=3645"},{"taxonomy":"post_tag","embeddable":true,"href":"https:\/\/iesmendillorribhi.educacion.navarra.es\/blogs\/wp-json\/wp\/v2\/tags?post=3645"}],"curies":[{"name":"wp","href":"https:\/\/api.w.org\/{rel}","templated":true}]}}