{"id":3666,"date":"2020-03-18T20:00:00","date_gmt":"2020-03-18T19:00:00","guid":{"rendered":"http:\/\/iesmendillorribhi.educacion.navarra.es\/blogs\/?p=3666"},"modified":"2020-03-22T20:08:26","modified_gmt":"2020-03-22T19:08:26","slug":"comunicacion-16-de-marzo","status":"publish","type":"post","link":"https:\/\/iesmendillorribhi.educacion.navarra.es\/blogs\/blog\/comunicacion-16-de-marzo\/","title":{"rendered":"Comunicaci\u00f3n 18 de marzo"},"content":{"rendered":"\n<p>Estimadas familias<br><\/p>\n\n\n\n<p>En primer lugar, queremos mostrar nuestra satisfacci\u00f3n por el excelente trabajo que se est\u00e1 realizando en estas circunstancias tan complicadas, tanto por parte del profesorado como del alumnado y las familias, que hace que todo est\u00e9 funcionando de forma positiva.&nbsp;<\/p>\n\n\n\n<p>Somos conscientes de que todav\u00eda tenemos que limar algunos detalles (ajuste del trabajo, formato de atenci\u00f3n,&#8230;) y que puede haber problemas de conexi\u00f3n a lo largo de las sesiones.<br><\/p>\n\n\n\n<p>Aprovechamos para agradecer vuestra paciencia y comprensi\u00f3n en lo que nos supone esta adaptaci\u00f3n y mientras afinamos los \u00faltimos detalles. A medida que vayamos tomando el pulso a la actividad docente a distancia implantaremos las mejoras oportunas.<br><\/p>\n\n\n\n<p>Queremos recalcar tambi\u00e9n las posibilidades de comunicaci\u00f3n con tutores\/-as, profesores\/-as, etc, a trav\u00e9s del Classroom o del correo electr\u00f3nico (listado disponible en la p\u00e1gina web).&nbsp;<br><\/p>\n\n\n\n<p>Os queremos informar tambi\u00e9n de un aspecto de inter\u00e9s para 2\u00ba de Bachillerato, se ha aplazado la EvAU (prueba de acceso a la universidad), aunque a\u00fan no se han concretado fechas.<br><\/p>\n\n\n\n<p>A partir del lunes, no se podr\u00e1 acudir al centro y las consultas tendr\u00e1n que ser telef\u00f3nicas o por correo electr\u00f3nico.<br><\/p>\n\n\n\n<p>El proceso de matriculaci\u00f3n est\u00e1 en marcha. En cursos superiores comenz\u00f3 hace 2 semanas&nbsp; y hoy lo hemos lanzado para el alumnado de 1\u00ba y 2\u00ba de la ESO.  Cada alumno\/-a ha recibido un correo con un formulario para elegir las materias optativas que cursar\u00e1 el a\u00f1o que viene. Os agradecer\u00edamos que la rellenaran a la mayor brevedad posible, una vez que est\u00e9 clara la decisi\u00f3n.&nbsp; Respecto a la entrega de la documentaci\u00f3n firmada, lo haremos una vez que todo vuelva a la normalidad.<br><\/p>\n\n\n\n<p>Muchas gracias por vuestra comprensi\u00f3n.<br><\/p>\n\n\n\n<p>Un saludo cordial<br><\/p>\n","protected":false},"excerpt":{"rendered":"<p>Estimadas familias En primer lugar, queremos mostrar nuestra satisfacci\u00f3n por el excelente trabajo que se est\u00e1 realizando en estas circunstancias tan complicadas, tanto por parte del profesorado como del alumnado y las familias, que hace que todo est\u00e9 funcionando de forma positiva.&nbsp; Somos conscientes de que todav\u00eda tenemos que limar algunos detalles (ajuste del trabajo, [&hellip;]<\/p>\n","protected":false},"author":45,"featured_media":0,"comment_status":"closed","ping_status":"open","sticky":false,"template":"","format":"standard","meta":{"_genesis_hide_title":false,"_genesis_hide_breadcrumbs":false,"_genesis_hide_singular_image":false,"_genesis_hide_footer_widgets":false,"_genesis_custom_body_class":"","_genesis_custom_post_class":"","_genesis_layout":""},"categories":[76],"tags":[],"featured_image_src":null,"featured_image_src_square":null,"author_info":{"display_name":"IES Mendillorri BHI","author_link":"https:\/\/iesmendillorribhi.educacion.navarra.es\/blogs\/blog\/author\/asier_urio-larrea\/"},"_links":{"self":[{"href":"https:\/\/iesmendillorribhi.educacion.navarra.es\/blogs\/wp-json\/wp\/v2\/posts\/3666"}],"collection":[{"href":"https:\/\/iesmendillorribhi.educacion.navarra.es\/blogs\/wp-json\/wp\/v2\/posts"}],"about":[{"href":"https:\/\/iesmendillorribhi.educacion.navarra.es\/blogs\/wp-json\/wp\/v2\/types\/post"}],"author":[{"embeddable":true,"href":"https:\/\/iesmendillorribhi.educacion.navarra.es\/blogs\/wp-json\/wp\/v2\/users\/45"}],"replies":[{"embeddable":true,"href":"https:\/\/iesmendillorribhi.educacion.navarra.es\/blogs\/wp-json\/wp\/v2\/comments?post=3666"}],"version-history":[{"count":2,"href":"https:\/\/iesmendillorribhi.educacion.navarra.es\/blogs\/wp-json\/wp\/v2\/posts\/3666\/revisions"}],"predecessor-version":[{"id":3679,"href":"https:\/\/iesmendillorribhi.educacion.navarra.es\/blogs\/wp-json\/wp\/v2\/posts\/3666\/revisions\/3679"}],"wp:attachment":[{"href":"https:\/\/iesmendillorribhi.educacion.navarra.es\/blogs\/wp-json\/wp\/v2\/media?parent=3666"}],"wp:term":[{"taxonomy":"category","embeddable":true,"href":"https:\/\/iesmendillorribhi.educacion.navarra.es\/blogs\/wp-json\/wp\/v2\/categories?post=3666"},{"taxonomy":"post_tag","embeddable":true,"href":"https:\/\/iesmendillorribhi.educacion.navarra.es\/blogs\/wp-json\/wp\/v2\/tags?post=3666"}],"curies":[{"name":"wp","href":"https:\/\/api.w.org\/{rel}","templated":true}]}}