{"id":3720,"date":"2020-04-08T09:04:35","date_gmt":"2020-04-08T07:04:35","guid":{"rendered":"https:\/\/iesmendillorribhi.educacion.navarra.es\/blogs\/?p=3720"},"modified":"2020-04-08T09:05:10","modified_gmt":"2020-04-08T07:05:10","slug":"dia-del-centro-virtual-2","status":"publish","type":"post","link":"https:\/\/iesmendillorribhi.educacion.navarra.es\/blogs\/blog\/dia-del-centro-virtual-2\/","title":{"rendered":"D\u00eda del Centro Virtual"},"content":{"rendered":"\n<p>Comunidad Educativa<\/p>\n\n\n\n<p>Ha llegado el D\u00eda del Centro que nos servir\u00e1 para marcar la pausa que tenemos ahora con las vacaciones.<\/p>\n\n\n\n<p>A pesar del poco tiempo disponible y las condiciones que hemos tenido hemos sido capaces de organizar alguna actividad.<\/p>\n\n\n\n<p>El programa que seguiremos en el d\u00eda de hoy ser\u00e1 el siguiente:<\/p>\n\n\n\n<p>* 9:30 &#8211; 11:00 Partida privada de Fornite. Para acceder es necesario seleccionar el modo de juego \u201c<strong>En solitario<\/strong>\u201d y en <strong>opciones personalizadas<\/strong> introducir el c\u00f3digo <strong>iesmendibhi<\/strong>. Si internet lo permite retransmitiremos la partida por el canal de YouTube. <a href=\"https:\/\/www.youtube.com\/channel\/UCiV5ppuSbakzujjgWxPjRTA\/\">https:\/\/www.youtube.com\/channel\/UCiV5ppuSbakzujjgWxPjRTA\/<\/a><\/p>\n\n\n\n<p>* 10:00 publicaci\u00f3n del video con las im\u00e1genes recibidas sobre los espacios de confinamiento.<\/p>\n\n\n\n<p>* 10:00 publicaci\u00f3n del video sobre actividades deportivas Fotoactivate.<\/p>\n\n\n\n<p>* 11:00 Lanzaremos los dados Story Cubes (lo publicaremos en twitter e instagram). Y daremos de plazo hasta la 13:00 para pensar en las historias (escritas o audios) que recogeremos a trav\u00e9s de un <a href=\"https:\/\/forms.gle\/f9scy4WvByYnw7qN9\">formulario<\/a>.<\/p>\n\n\n\n<p>*&nbsp; 11:00 &#8211; 12:00 Torneo de ajedrez. Es necesario registrarse en la plataforma <a href=\"https:\/\/lichess.org\">https:\/\/lichess.org<\/a> y acceder al torneo (<a href=\"https:\/\/lichess.org\/tournament\/dyDlH9pu\">https:\/\/lichess.org\/tournament\/dyDlH9pu<\/a>).<\/p>\n\n\n\n<p>* 11:00 &#8211; 13:00 Partidas de <a href=\"https:\/\/www.pinturillo2.com\/\">pinturillo2<\/a>. Se anunciar\u00e1n las mesas en twitter e instagram.<\/p>\n\n\n\n<p>* 11:00 &#8211; 13:00 Torneo de FIFA. Ser\u00e1 necesario inscribirse mediante un <a href=\"https:\/\/forms.gle\/G9Kz2ejRrhhfxJ447\">formulario<\/a> (antes de las 10:30) y se recibir\u00e1n instrucciones en el correo electr\u00f3nico. Habr\u00e1 que a\u00f1adir al contrincante en la plataforma, jugar el partido y notificar del resultado.<\/p>\n\n\n\n<p>* 10:00 publicaci\u00f3n del video con las reinterpretaciones de las obras de arte.<\/p>\n\n\n\n<p>* 13:00 publicaci\u00f3n del video con las recetas que hemos recibido.<\/p>\n\n\n\n<p>Aquellas personas que tengan cuenta en twitter o instagram podr\u00e1n seguirnos y participar de ciertas actividades en:<\/p>\n\n\n\n<figure class=\"wp-block-embed-twitter wp-block-embed is-type-rich is-provider-twitter\"><div class=\"wp-block-embed__wrapper\">\n<a class=\"twitter-timeline\" data-width=\"500\" data-height=\"750\" data-dnt=\"true\" href=\"https:\/\/twitter.com\/iesmendibhi?ref_src=twsrc%5Etfw\">Tweets by iesmendibhi<\/a><script async src=\"https:\/\/platform.twitter.com\/widgets.js\" charset=\"utf-8\"><\/script>\n<\/div><\/figure>\n\n\n\n<p><a href=\"https:\/\/www.instagram.com\/iesmendibhi\">https:\/\/www.instagram.com\/iesmendibhi<\/a><\/p>\n\n\n\n<p>Os animamos a participar en este D\u00eda del Centro Virtual 2020, para compartir experiencias y aliviar esta situaci\u00f3n de confinamiento.<\/p>\n\n\n\n<p>Gracias a todos<\/p>\n","protected":false},"excerpt":{"rendered":"<p>Comunidad Educativa Ha llegado el D\u00eda del Centro que nos servir\u00e1 para marcar la pausa que tenemos ahora con las vacaciones. A pesar del poco tiempo disponible y las condiciones que hemos tenido hemos sido capaces de organizar alguna actividad. El programa que seguiremos en el d\u00eda de hoy ser\u00e1 el siguiente: * 9:30 &#8211; [&hellip;]<\/p>\n","protected":false},"author":45,"featured_media":3711,"comment_status":"closed","ping_status":"open","sticky":false,"template":"","format":"standard","meta":{"_genesis_hide_title":false,"_genesis_hide_breadcrumbs":false,"_genesis_hide_singular_image":false,"_genesis_hide_footer_widgets":false,"_genesis_custom_body_class":"","_genesis_custom_post_class":"","_genesis_layout":""},"categories":[76,56],"tags":[],"featured_image_src":"https:\/\/iesmendillorribhi.educacion.navarra.es\/blogs\/wp-content\/uploads\/2020\/04\/D\u00eda-del-centro-virtual2.png","featured_image_src_square":"https:\/\/iesmendillorribhi.educacion.navarra.es\/blogs\/wp-content\/uploads\/2020\/04\/D\u00eda-del-centro-virtual2.png","author_info":{"display_name":"IES Mendillorri BHI","author_link":"https:\/\/iesmendillorribhi.educacion.navarra.es\/blogs\/blog\/author\/asier_urio-larrea\/"},"_links":{"self":[{"href":"https:\/\/iesmendillorribhi.educacion.navarra.es\/blogs\/wp-json\/wp\/v2\/posts\/3720"}],"collection":[{"href":"https:\/\/iesmendillorribhi.educacion.navarra.es\/blogs\/wp-json\/wp\/v2\/posts"}],"about":[{"href":"https:\/\/iesmendillorribhi.educacion.navarra.es\/blogs\/wp-json\/wp\/v2\/types\/post"}],"author":[{"embeddable":true,"href":"https:\/\/iesmendillorribhi.educacion.navarra.es\/blogs\/wp-json\/wp\/v2\/users\/45"}],"replies":[{"embeddable":true,"href":"https:\/\/iesmendillorribhi.educacion.navarra.es\/blogs\/wp-json\/wp\/v2\/comments?post=3720"}],"version-history":[{"count":2,"href":"https:\/\/iesmendillorribhi.educacion.navarra.es\/blogs\/wp-json\/wp\/v2\/posts\/3720\/revisions"}],"predecessor-version":[{"id":3722,"href":"https:\/\/iesmendillorribhi.educacion.navarra.es\/blogs\/wp-json\/wp\/v2\/posts\/3720\/revisions\/3722"}],"wp:featuredmedia":[{"embeddable":true,"href":"https:\/\/iesmendillorribhi.educacion.navarra.es\/blogs\/wp-json\/wp\/v2\/media\/3711"}],"wp:attachment":[{"href":"https:\/\/iesmendillorribhi.educacion.navarra.es\/blogs\/wp-json\/wp\/v2\/media?parent=3720"}],"wp:term":[{"taxonomy":"category","embeddable":true,"href":"https:\/\/iesmendillorribhi.educacion.navarra.es\/blogs\/wp-json\/wp\/v2\/categories?post=3720"},{"taxonomy":"post_tag","embeddable":true,"href":"https:\/\/iesmendillorribhi.educacion.navarra.es\/blogs\/wp-json\/wp\/v2\/tags?post=3720"}],"curies":[{"name":"wp","href":"https:\/\/api.w.org\/{rel}","templated":true}]}}