{"id":3972,"date":"2020-11-27T11:36:53","date_gmt":"2020-11-27T10:36:53","guid":{"rendered":"https:\/\/iesmendillorribhi.educacion.navarra.es\/blogs\/?p=3972"},"modified":"2020-11-27T11:36:56","modified_gmt":"2020-11-27T10:36:56","slug":"santa-cecilia-2020","status":"publish","type":"post","link":"https:\/\/iesmendillorribhi.educacion.navarra.es\/blogs\/blog\/santa-cecilia-2020\/","title":{"rendered":"Santa Cecilia 2020"},"content":{"rendered":"\n<p>Celebramos el d\u00eda de la m\u00fasica con diferentes actuaciones musicales en los dos edificios. Adem\u00e1s, los timbres de cambio de clase se sustituyeron por distintas canciones a lo largo de la ma\u00f1ana. <\/p>\n\n\n\n<p>Pueden verse v\u00eddeos y fotos de ese d\u00eda <a rel=\"noreferrer noopener\" href=\"https:\/\/photos.app.goo.gl\/xFZxZ6PFkFkqcEK26\" target=\"_blank\">en este enlace<\/a>.<\/p>\n\n\n\n<figure class=\"wp-block-image size-large\"><img loading=\"lazy\" width=\"1024\" height=\"685\" src=\"https:\/\/iesmendillorribhi.educacion.navarra.es\/blogs\/wp-content\/uploads\/2020\/11\/Pantaila-argazkia_2020-11-27_11-22-17-1024x685.png\" alt=\"\" class=\"wp-image-3968\" srcset=\"https:\/\/iesmendillorribhi.educacion.navarra.es\/blogs\/wp-content\/uploads\/2020\/11\/Pantaila-argazkia_2020-11-27_11-22-17-1024x685.png 1024w, https:\/\/iesmendillorribhi.educacion.navarra.es\/blogs\/wp-content\/uploads\/2020\/11\/Pantaila-argazkia_2020-11-27_11-22-17-300x201.png 300w, https:\/\/iesmendillorribhi.educacion.navarra.es\/blogs\/wp-content\/uploads\/2020\/11\/Pantaila-argazkia_2020-11-27_11-22-17-768x514.png 768w, https:\/\/iesmendillorribhi.educacion.navarra.es\/blogs\/wp-content\/uploads\/2020\/11\/Pantaila-argazkia_2020-11-27_11-22-17.png 1354w\" sizes=\"(max-width: 1024px) 100vw, 1024px\" \/><\/figure>\n\n\n\n<figure class=\"wp-block-image size-large\"><img loading=\"lazy\" width=\"1024\" height=\"768\" src=\"https:\/\/iesmendillorribhi.educacion.navarra.es\/blogs\/wp-content\/uploads\/2020\/11\/IMG_20201120_112647-1024x768.jpg\" alt=\"\" class=\"wp-image-3970\" srcset=\"https:\/\/iesmendillorribhi.educacion.navarra.es\/blogs\/wp-content\/uploads\/2020\/11\/IMG_20201120_112647-1024x768.jpg 1024w, https:\/\/iesmendillorribhi.educacion.navarra.es\/blogs\/wp-content\/uploads\/2020\/11\/IMG_20201120_112647-300x225.jpg 300w, https:\/\/iesmendillorribhi.educacion.navarra.es\/blogs\/wp-content\/uploads\/2020\/11\/IMG_20201120_112647-768x576.jpg 768w, https:\/\/iesmendillorribhi.educacion.navarra.es\/blogs\/wp-content\/uploads\/2020\/11\/IMG_20201120_112647-1536x1152.jpg 1536w, https:\/\/iesmendillorribhi.educacion.navarra.es\/blogs\/wp-content\/uploads\/2020\/11\/IMG_20201120_112647-2048x1536.jpg 2048w\" sizes=\"(max-width: 1024px) 100vw, 1024px\" \/><\/figure>\n","protected":false},"excerpt":{"rendered":"<p>Celebramos el d\u00eda de la m\u00fasica con diferentes actuaciones musicales en los dos edificios. Adem\u00e1s, los timbres de cambio de clase se sustituyeron por distintas canciones a lo largo de la ma\u00f1ana. Pueden verse v\u00eddeos y fotos de ese d\u00eda en este enlace.<\/p>\n","protected":false},"author":110,"featured_media":3970,"comment_status":"closed","ping_status":"open","sticky":false,"template":"","format":"standard","meta":{"_genesis_hide_title":false,"_genesis_hide_breadcrumbs":false,"_genesis_hide_singular_image":false,"_genesis_hide_footer_widgets":false,"_genesis_custom_body_class":"","_genesis_custom_post_class":"","_genesis_layout":""},"categories":[66,56,69],"tags":[],"featured_image_src":"https:\/\/iesmendillorribhi.educacion.navarra.es\/blogs\/wp-content\/uploads\/2020\/11\/IMG_20201120_112647-scaled.jpg","featured_image_src_square":"https:\/\/iesmendillorribhi.educacion.navarra.es\/blogs\/wp-content\/uploads\/2020\/11\/IMG_20201120_112647-scaled.jpg","author_info":{"display_name":"IES Mendillorri BHI","author_link":"https:\/\/iesmendillorribhi.educacion.navarra.es\/blogs\/blog\/author\/iesmendizo\/"},"_links":{"self":[{"href":"https:\/\/iesmendillorribhi.educacion.navarra.es\/blogs\/wp-json\/wp\/v2\/posts\/3972"}],"collection":[{"href":"https:\/\/iesmendillorribhi.educacion.navarra.es\/blogs\/wp-json\/wp\/v2\/posts"}],"about":[{"href":"https:\/\/iesmendillorribhi.educacion.navarra.es\/blogs\/wp-json\/wp\/v2\/types\/post"}],"author":[{"embeddable":true,"href":"https:\/\/iesmendillorribhi.educacion.navarra.es\/blogs\/wp-json\/wp\/v2\/users\/110"}],"replies":[{"embeddable":true,"href":"https:\/\/iesmendillorribhi.educacion.navarra.es\/blogs\/wp-json\/wp\/v2\/comments?post=3972"}],"version-history":[{"count":1,"href":"https:\/\/iesmendillorribhi.educacion.navarra.es\/blogs\/wp-json\/wp\/v2\/posts\/3972\/revisions"}],"predecessor-version":[{"id":3973,"href":"https:\/\/iesmendillorribhi.educacion.navarra.es\/blogs\/wp-json\/wp\/v2\/posts\/3972\/revisions\/3973"}],"wp:featuredmedia":[{"embeddable":true,"href":"https:\/\/iesmendillorribhi.educacion.navarra.es\/blogs\/wp-json\/wp\/v2\/media\/3970"}],"wp:attachment":[{"href":"https:\/\/iesmendillorribhi.educacion.navarra.es\/blogs\/wp-json\/wp\/v2\/media?parent=3972"}],"wp:term":[{"taxonomy":"category","embeddable":true,"href":"https:\/\/iesmendillorribhi.educacion.navarra.es\/blogs\/wp-json\/wp\/v2\/categories?post=3972"},{"taxonomy":"post_tag","embeddable":true,"href":"https:\/\/iesmendillorribhi.educacion.navarra.es\/blogs\/wp-json\/wp\/v2\/tags?post=3972"}],"curies":[{"name":"wp","href":"https:\/\/api.w.org\/{rel}","templated":true}]}}