{"id":4154,"date":"2021-03-12T10:39:54","date_gmt":"2021-03-12T09:39:54","guid":{"rendered":"https:\/\/iesmendillorribhi.educacion.navarra.es\/blogs\/?p=4154"},"modified":"2021-03-31T11:45:43","modified_gmt":"2021-03-31T09:45:43","slug":"8-de-marzo-dia-internacional-de-la-mujer","status":"publish","type":"post","link":"https:\/\/iesmendillorribhi.educacion.navarra.es\/blogs\/blog\/8-de-marzo-dia-internacional-de-la-mujer\/","title":{"rendered":"8 de Marzo &#8211; D\u00eda Internacional de la  Mujer."},"content":{"rendered":"\n<p>Se han organizado distintas actividades en el instituto para celebrar este d\u00eda.<\/p>\n\n\n\n<figure class=\"wp-block-image size-large\"><a href=\"https:\/\/iesmendillorribhi.educacion.navarra.es\/blogs\/wp-content\/uploads\/2021\/03\/IMG_3812.jpg\"><img loading=\"lazy\" width=\"1024\" height=\"397\" src=\"https:\/\/iesmendillorribhi.educacion.navarra.es\/blogs\/wp-content\/uploads\/2021\/03\/IMG_3812-1024x397.jpg\" alt=\"\" class=\"wp-image-4163\" srcset=\"https:\/\/iesmendillorribhi.educacion.navarra.es\/blogs\/wp-content\/uploads\/2021\/03\/IMG_3812-1024x397.jpg 1024w, https:\/\/iesmendillorribhi.educacion.navarra.es\/blogs\/wp-content\/uploads\/2021\/03\/IMG_3812-300x116.jpg 300w, https:\/\/iesmendillorribhi.educacion.navarra.es\/blogs\/wp-content\/uploads\/2021\/03\/IMG_3812-768x298.jpg 768w, https:\/\/iesmendillorribhi.educacion.navarra.es\/blogs\/wp-content\/uploads\/2021\/03\/IMG_3812-1536x596.jpg 1536w, https:\/\/iesmendillorribhi.educacion.navarra.es\/blogs\/wp-content\/uploads\/2021\/03\/IMG_3812.jpg 2000w\" sizes=\"(max-width: 1024px) 100vw, 1024px\" \/><\/a><figcaption>binary comment<\/figcaption><\/figure>\n\n\n\n<p>En el <strong>edificio Aguas<\/strong> hubo din\u00e1micas por cursos organizadas por el grupo feminista Mendillorriko Neskak, as\u00ed como breves charlas organizadas por el alumnado en el sal\u00f3n de actos.<\/p>\n\n\n\n<figure class=\"wp-block-image size-large\"><a href=\"https:\/\/iesmendillorribhi.educacion.navarra.es\/blogs\/wp-content\/uploads\/2021\/03\/8m2.jpeg\"><img loading=\"lazy\" width=\"1046\" height=\"1046\" src=\"https:\/\/iesmendillorribhi.educacion.navarra.es\/blogs\/wp-content\/uploads\/2021\/03\/8m2-edited.jpeg\" alt=\"\" class=\"wp-image-4166\" srcset=\"https:\/\/iesmendillorribhi.educacion.navarra.es\/blogs\/wp-content\/uploads\/2021\/03\/8m2-edited.jpeg 1046w, https:\/\/iesmendillorribhi.educacion.navarra.es\/blogs\/wp-content\/uploads\/2021\/03\/8m2-edited-300x300.jpeg 300w, https:\/\/iesmendillorribhi.educacion.navarra.es\/blogs\/wp-content\/uploads\/2021\/03\/8m2-edited-1024x1024.jpeg 1024w, https:\/\/iesmendillorribhi.educacion.navarra.es\/blogs\/wp-content\/uploads\/2021\/03\/8m2-edited-150x150.jpeg 150w, https:\/\/iesmendillorribhi.educacion.navarra.es\/blogs\/wp-content\/uploads\/2021\/03\/8m2-edited-768x768.jpeg 768w, https:\/\/iesmendillorribhi.educacion.navarra.es\/blogs\/wp-content\/uploads\/2021\/03\/8m2-edited-144x144.jpeg 144w, https:\/\/iesmendillorribhi.educacion.navarra.es\/blogs\/wp-content\/uploads\/2021\/03\/8m2-edited-70x70.jpeg 70w\" sizes=\"(max-width: 1046px) 100vw, 1046px\" \/><\/a><\/figure>\n\n\n\n<figure class=\"wp-block-image size-large\"><a href=\"https:\/\/iesmendillorribhi.educacion.navarra.es\/blogs\/wp-content\/uploads\/2021\/03\/20210308_133621-scaled.jpg\"><img loading=\"lazy\" width=\"2560\" height=\"1920\" src=\"https:\/\/iesmendillorribhi.educacion.navarra.es\/blogs\/wp-content\/uploads\/2021\/03\/20210308_133621-edited-scaled.jpg\" alt=\"\" class=\"wp-image-4168\" srcset=\"https:\/\/iesmendillorribhi.educacion.navarra.es\/blogs\/wp-content\/uploads\/2021\/03\/20210308_133621-edited-scaled.jpg 2560w, https:\/\/iesmendillorribhi.educacion.navarra.es\/blogs\/wp-content\/uploads\/2021\/03\/20210308_133621-edited-300x225.jpg 300w, https:\/\/iesmendillorribhi.educacion.navarra.es\/blogs\/wp-content\/uploads\/2021\/03\/20210308_133621-edited-1024x768.jpg 1024w, https:\/\/iesmendillorribhi.educacion.navarra.es\/blogs\/wp-content\/uploads\/2021\/03\/20210308_133621-edited-768x576.jpg 768w, https:\/\/iesmendillorribhi.educacion.navarra.es\/blogs\/wp-content\/uploads\/2021\/03\/20210308_133621-edited-1536x1152.jpg 1536w, https:\/\/iesmendillorribhi.educacion.navarra.es\/blogs\/wp-content\/uploads\/2021\/03\/20210308_133621-edited-2048x1536.jpg 2048w\" sizes=\"(max-width: 2560px) 100vw, 2560px\" \/><\/a><\/figure>\n\n\n\n<p>En el <strong>edificio Lago<\/strong> tambi\u00e9n hubo actividades promovidas por el grupo de Coeducaci\u00f3n y el equipo directivo. Por un lado se llev\u00f3 a cabo una instalaci\u00f3n art\u00edstica de forma colaborativa entre chicos y chicas, y por otro lado modificaciones en el jard\u00edn de la igualdad: el alumnado que cursa tecnolog\u00eda de 2\u00ba en ingl\u00e9s instal\u00f3 molinillos con los que quer\u00edan mandar \u00ab\u00a1A tomar viento!\u00bb la violencia machista, el control, las amenazas, asesinatos, miedo en la calle, brecha salarial&#8230;<\/p>\n\n\n\n<p>Pod\u00e9is encontrar m\u00e1s im\u00e1genes de la jornada en <a href=\"https:\/\/photos.app.goo.gl\/jzS2pzhpMUBbkP7W9\">este enlace<\/a>.<\/p>\n","protected":false},"excerpt":{"rendered":"<p>Rese\u00f1a de las actividades llevadas a cabo para celebrar el d\u00eda.<\/p>\n","protected":false},"author":110,"featured_media":4157,"comment_status":"closed","ping_status":"open","sticky":false,"template":"","format":"standard","meta":{"_genesis_hide_title":false,"_genesis_hide_breadcrumbs":false,"_genesis_hide_singular_image":false,"_genesis_hide_footer_widgets":false,"_genesis_custom_body_class":"","_genesis_custom_post_class":"","_genesis_layout":""},"categories":[66,69],"tags":[],"featured_image_src":"https:\/\/iesmendillorribhi.educacion.navarra.es\/blogs\/wp-content\/uploads\/2021\/03\/Copy-of-trabajo-plastica-600x400.jpg","featured_image_src_square":"https:\/\/iesmendillorribhi.educacion.navarra.es\/blogs\/wp-content\/uploads\/2021\/03\/Copy-of-trabajo-plastica-600x600.jpg","author_info":{"display_name":"IES Mendillorri BHI","author_link":"https:\/\/iesmendillorribhi.educacion.navarra.es\/blogs\/blog\/author\/iesmendizo\/"},"_links":{"self":[{"href":"https:\/\/iesmendillorribhi.educacion.navarra.es\/blogs\/wp-json\/wp\/v2\/posts\/4154"}],"collection":[{"href":"https:\/\/iesmendillorribhi.educacion.navarra.es\/blogs\/wp-json\/wp\/v2\/posts"}],"about":[{"href":"https:\/\/iesmendillorribhi.educacion.navarra.es\/blogs\/wp-json\/wp\/v2\/types\/post"}],"author":[{"embeddable":true,"href":"https:\/\/iesmendillorribhi.educacion.navarra.es\/blogs\/wp-json\/wp\/v2\/users\/110"}],"replies":[{"embeddable":true,"href":"https:\/\/iesmendillorribhi.educacion.navarra.es\/blogs\/wp-json\/wp\/v2\/comments?post=4154"}],"version-history":[{"count":4,"href":"https:\/\/iesmendillorribhi.educacion.navarra.es\/blogs\/wp-json\/wp\/v2\/posts\/4154\/revisions"}],"predecessor-version":[{"id":4319,"href":"https:\/\/iesmendillorribhi.educacion.navarra.es\/blogs\/wp-json\/wp\/v2\/posts\/4154\/revisions\/4319"}],"wp:featuredmedia":[{"embeddable":true,"href":"https:\/\/iesmendillorribhi.educacion.navarra.es\/blogs\/wp-json\/wp\/v2\/media\/4157"}],"wp:attachment":[{"href":"https:\/\/iesmendillorribhi.educacion.navarra.es\/blogs\/wp-json\/wp\/v2\/media?parent=4154"}],"wp:term":[{"taxonomy":"category","embeddable":true,"href":"https:\/\/iesmendillorribhi.educacion.navarra.es\/blogs\/wp-json\/wp\/v2\/categories?post=4154"},{"taxonomy":"post_tag","embeddable":true,"href":"https:\/\/iesmendillorribhi.educacion.navarra.es\/blogs\/wp-json\/wp\/v2\/tags?post=4154"}],"curies":[{"name":"wp","href":"https:\/\/api.w.org\/{rel}","templated":true}]}}