{"id":5588,"date":"2021-10-04T14:29:14","date_gmt":"2021-10-04T12:29:14","guid":{"rendered":"https:\/\/iesmendillorribhi.educacion.navarra.es\/blogs\/?p=5588"},"modified":"2021-10-05T09:21:18","modified_gmt":"2021-10-05T07:21:18","slug":"conferencia-de-gregorio-luri","status":"publish","type":"post","link":"https:\/\/iesmendillorribhi.educacion.navarra.es\/blogs\/blog\/conferencia-de-gregorio-luri\/","title":{"rendered":"Conferencia de Gregorio Luri"},"content":{"rendered":"\n<h2>Conferencia<\/h2>\n\n\n\n<p>El d\u00eda 28 de septiembre m\u00e1s de sesenta profesores de nuestro centro asistieron a la primera sesi\u00f3n del curso \u201cLa lectura de dentro afuera\u201d, a cargo de Gregorio Luri Medrano. Maestro, pedagogo y fil\u00f3sofo, articul\u00f3 la formaci\u00f3n sobre tres ejes: relevancia de la lectura en la formaci\u00f3n del adulto; el error como instrumento de aprendizaje, y la escritura, base para el desarrollo del pensamiento abstracto.<\/p>\n\n\n\n<figure class=\"wp-block-image size-large\"><a href=\"https:\/\/iesmendillorribhi.educacion.navarra.es\/blogs\/wp-content\/uploads\/2021\/10\/DSC_0016.jpg\"><img loading=\"lazy\" width=\"1307\" height=\"868\" src=\"https:\/\/iesmendillorribhi.educacion.navarra.es\/blogs\/wp-content\/uploads\/2021\/10\/DSC_0016-edited.jpg\" alt=\"\" class=\"wp-image-5594\" srcset=\"https:\/\/iesmendillorribhi.educacion.navarra.es\/blogs\/wp-content\/uploads\/2021\/10\/DSC_0016-edited.jpg 1307w, https:\/\/iesmendillorribhi.educacion.navarra.es\/blogs\/wp-content\/uploads\/2021\/10\/DSC_0016-edited-300x199.jpg 300w, https:\/\/iesmendillorribhi.educacion.navarra.es\/blogs\/wp-content\/uploads\/2021\/10\/DSC_0016-edited-1024x680.jpg 1024w, https:\/\/iesmendillorribhi.educacion.navarra.es\/blogs\/wp-content\/uploads\/2021\/10\/DSC_0016-edited-768x510.jpg 768w\" sizes=\"(max-width: 1307px) 100vw, 1307px\" \/><\/a><\/figure>\n\n\n\n<h2>Formaci\u00f3n del profesorado<\/h2>\n\n\n\n<p>Adem\u00e1s de la conferencia mencionada anteriormente, el claustro del IES Mendillorri BHI completar\u00e1 a lo largo del curso otras actividades formativas. Desde el centro se han ofrecido formaciones en torno al uso de <strong>nuevas tecnolog\u00edas (Cuaderno del Profesor de Educa, Classroom y utilidades avanzadas de correo electr\u00f3nico), una introducci\u00f3n al Euskera para profesorado del modelo AG, Coeducaci\u00f3n, Sostenibilidad y Memoria hist\u00f3rica<\/strong>. Cada docente puede elegir en cu\u00e1les de los cursos participa para completar sus horas de formaci\u00f3n anuales.<\/p>\n\n\n\n<p>Adem\u00e1s de los citados arriba todos\/as lo\/as tutores\/as van a participar este a\u00f1o en la formaci\u00f3n del <strong>programa Laguntza<\/strong> que se va a implantar en nuestro centro.<\/p>\n","protected":false},"excerpt":{"rendered":"<p>Dentro del curso \u00abLa lectura de dentro afuera\u00bb de plan de formaci\u00f3n del centro.<\/p>\n","protected":false},"author":110,"featured_media":5589,"comment_status":"closed","ping_status":"open","sticky":false,"template":"","format":"standard","meta":{"_genesis_hide_title":false,"_genesis_hide_breadcrumbs":false,"_genesis_hide_singular_image":false,"_genesis_hide_footer_widgets":false,"_genesis_custom_body_class":"","_genesis_custom_post_class":"","_genesis_layout":""},"categories":[50,51,69],"tags":[],"featured_image_src":"https:\/\/iesmendillorribhi.educacion.navarra.es\/blogs\/wp-content\/uploads\/2021\/10\/DSC_0014-600x400.jpg","featured_image_src_square":"https:\/\/iesmendillorribhi.educacion.navarra.es\/blogs\/wp-content\/uploads\/2021\/10\/DSC_0014-600x600.jpg","author_info":{"display_name":"IES Mendillorri BHI","author_link":"https:\/\/iesmendillorribhi.educacion.navarra.es\/blogs\/blog\/author\/iesmendizo\/"},"_links":{"self":[{"href":"https:\/\/iesmendillorribhi.educacion.navarra.es\/blogs\/wp-json\/wp\/v2\/posts\/5588"}],"collection":[{"href":"https:\/\/iesmendillorribhi.educacion.navarra.es\/blogs\/wp-json\/wp\/v2\/posts"}],"about":[{"href":"https:\/\/iesmendillorribhi.educacion.navarra.es\/blogs\/wp-json\/wp\/v2\/types\/post"}],"author":[{"embeddable":true,"href":"https:\/\/iesmendillorribhi.educacion.navarra.es\/blogs\/wp-json\/wp\/v2\/users\/110"}],"replies":[{"embeddable":true,"href":"https:\/\/iesmendillorribhi.educacion.navarra.es\/blogs\/wp-json\/wp\/v2\/comments?post=5588"}],"version-history":[{"count":5,"href":"https:\/\/iesmendillorribhi.educacion.navarra.es\/blogs\/wp-json\/wp\/v2\/posts\/5588\/revisions"}],"predecessor-version":[{"id":5609,"href":"https:\/\/iesmendillorribhi.educacion.navarra.es\/blogs\/wp-json\/wp\/v2\/posts\/5588\/revisions\/5609"}],"wp:featuredmedia":[{"embeddable":true,"href":"https:\/\/iesmendillorribhi.educacion.navarra.es\/blogs\/wp-json\/wp\/v2\/media\/5589"}],"wp:attachment":[{"href":"https:\/\/iesmendillorribhi.educacion.navarra.es\/blogs\/wp-json\/wp\/v2\/media?parent=5588"}],"wp:term":[{"taxonomy":"category","embeddable":true,"href":"https:\/\/iesmendillorribhi.educacion.navarra.es\/blogs\/wp-json\/wp\/v2\/categories?post=5588"},{"taxonomy":"post_tag","embeddable":true,"href":"https:\/\/iesmendillorribhi.educacion.navarra.es\/blogs\/wp-json\/wp\/v2\/tags?post=5588"}],"curies":[{"name":"wp","href":"https:\/\/api.w.org\/{rel}","templated":true}]}}