{"id":5930,"date":"2021-12-01T09:54:06","date_gmt":"2021-12-01T08:54:06","guid":{"rendered":"https:\/\/iesmendillorribhi.educacion.navarra.es\/blogs\/?p=5930"},"modified":"2021-12-09T13:17:11","modified_gmt":"2021-12-09T12:17:11","slug":"elecciones-al-consejo-escolar","status":"publish","type":"post","link":"https:\/\/iesmendillorribhi.educacion.navarra.es\/blogs\/blog\/elecciones-al-consejo-escolar\/","title":{"rendered":"Elecciones al Consejo Escolar"},"content":{"rendered":"\n<p>El d\u00eda 2 de diciembre, jueves, se van a realizar las votaciones para elegir al representante de las familias para el Consejo Escolar. Se han presentado como candidatos <strong>Jes\u00fas Aguirre P\u00e9rez<\/strong> (padre de 1\u00baB) y <strong>El\u00edas Javier Font\u00e9riz Men\u00e9ndez<\/strong> (padre de 2\u00baA).<\/p>\n\n\n\n<p>Las votaciones se llevar\u00e1n a cabo en el <a rel=\"noreferrer noopener\" href=\"https:\/\/goo.gl\/maps\/pCG1NHCbvCKPj3eP9\" target=\"_blank\">Edificio Aguas<\/a>, en horario de <strong>8:30 &#8211; 11:30<\/strong> y <strong>16:30 &#8211; 18:00<\/strong>.<\/p>\n\n\n\n<h3>Resultados de la votaci\u00f3n:<\/h3>\n\n\n\n<ul><li>Votos totales: 30 (1,6% del censo)<\/li><li>Jes\u00fas Aguirre: 9 votos<\/li><li><strong>El\u00edas Javier Font\u00e9riz Men\u00e9ndez: 20 votos<\/strong><\/li><li>En blanco: 1 voto<\/li><\/ul>\n","protected":false},"excerpt":{"rendered":"<p>Para la elecci\u00f3n del representante de las familias<\/p>\n","protected":false},"author":110,"featured_media":5931,"comment_status":"closed","ping_status":"open","sticky":false,"template":"","format":"standard","meta":{"_genesis_hide_title":false,"_genesis_hide_breadcrumbs":false,"_genesis_hide_singular_image":false,"_genesis_hide_footer_widgets":false,"_genesis_custom_body_class":"","_genesis_custom_post_class":"","_genesis_layout":""},"categories":[53,50,82],"tags":[],"featured_image_src":"https:\/\/iesmendillorribhi.educacion.navarra.es\/blogs\/wp-content\/uploads\/2021\/12\/bozketa-600x400.jpg","featured_image_src_square":"https:\/\/iesmendillorribhi.educacion.navarra.es\/blogs\/wp-content\/uploads\/2021\/12\/bozketa-600x600.jpg","author_info":{"display_name":"IES Mendillorri BHI","author_link":"https:\/\/iesmendillorribhi.educacion.navarra.es\/blogs\/blog\/author\/iesmendizo\/"},"_links":{"self":[{"href":"https:\/\/iesmendillorribhi.educacion.navarra.es\/blogs\/wp-json\/wp\/v2\/posts\/5930"}],"collection":[{"href":"https:\/\/iesmendillorribhi.educacion.navarra.es\/blogs\/wp-json\/wp\/v2\/posts"}],"about":[{"href":"https:\/\/iesmendillorribhi.educacion.navarra.es\/blogs\/wp-json\/wp\/v2\/types\/post"}],"author":[{"embeddable":true,"href":"https:\/\/iesmendillorribhi.educacion.navarra.es\/blogs\/wp-json\/wp\/v2\/users\/110"}],"replies":[{"embeddable":true,"href":"https:\/\/iesmendillorribhi.educacion.navarra.es\/blogs\/wp-json\/wp\/v2\/comments?post=5930"}],"version-history":[{"count":5,"href":"https:\/\/iesmendillorribhi.educacion.navarra.es\/blogs\/wp-json\/wp\/v2\/posts\/5930\/revisions"}],"predecessor-version":[{"id":5952,"href":"https:\/\/iesmendillorribhi.educacion.navarra.es\/blogs\/wp-json\/wp\/v2\/posts\/5930\/revisions\/5952"}],"wp:featuredmedia":[{"embeddable":true,"href":"https:\/\/iesmendillorribhi.educacion.navarra.es\/blogs\/wp-json\/wp\/v2\/media\/5931"}],"wp:attachment":[{"href":"https:\/\/iesmendillorribhi.educacion.navarra.es\/blogs\/wp-json\/wp\/v2\/media?parent=5930"}],"wp:term":[{"taxonomy":"category","embeddable":true,"href":"https:\/\/iesmendillorribhi.educacion.navarra.es\/blogs\/wp-json\/wp\/v2\/categories?post=5930"},{"taxonomy":"post_tag","embeddable":true,"href":"https:\/\/iesmendillorribhi.educacion.navarra.es\/blogs\/wp-json\/wp\/v2\/tags?post=5930"}],"curies":[{"name":"wp","href":"https:\/\/api.w.org\/{rel}","templated":true}]}}