{"id":8634,"date":"2025-02-06T12:04:31","date_gmt":"2025-02-06T11:04:31","guid":{"rendered":"https:\/\/iesmendillorribhi.educacion.navarra.es\/blogs\/?p=8634"},"modified":"2025-02-06T12:12:22","modified_gmt":"2025-02-06T11:12:22","slug":"jornada-de-puertas-abiertas%ef%bf%bc","status":"publish","type":"post","link":"https:\/\/iesmendillorribhi.educacion.navarra.es\/blogs\/blog\/jornada-de-puertas-abiertas%ef%bf%bc\/","title":{"rendered":"Jornada de Puertas Abiertas"},"content":{"rendered":"\n<p>Las jornadas de puertas abiertas para para las familias de 6\u00ba de primaria tendr\u00e1n lugar los d\u00edas:<\/p>\n\n\n\n<ul><li><strong>24 de febrero&nbsp;<\/strong>para las familias del&nbsp;<strong>alumnado<\/strong>&nbsp;de&nbsp;<strong>modelo AG<\/strong><\/li><li><strong>26 de febrero<\/strong>&nbsp;para las familias del&nbsp;<strong>alumnado<\/strong>&nbsp;de&nbsp;<strong>modelo D<\/strong> (en biling\u00fce).<\/li><\/ul>\n\n\n\n<p>Durante las jornadas, que comenzar\u00e1n<strong>&nbsp;a las 17:00 de la tarde<\/strong>, se dar\u00e1 a conocer el Proyecto Educativo del Centro adem\u00e1s de explicar la oferta acad\u00e9mica y mostrar las instalaciones.<\/p>\n\n\n\n<p>Estas jornadas ser\u00e1n exclusivamente para las familias. M\u00e1s adelante, el alumnado contar\u00e1 con una jornada de puertas abiertas organizada por sus respectivos colegios.<\/p>\n\n\n\n<p>Si deseas informaci\u00f3n de otros cursos ponte en contacto a trav\u00e9s de:&nbsp;<strong>iesmendillorribhi@educacion.navarra.es<\/strong><\/p>\n","protected":false},"excerpt":{"rendered":"<p>Jornada de Puertas Abiertas para familias de 6\u00ba primaria<\/p>\n","protected":false},"author":110,"featured_media":7832,"comment_status":"closed","ping_status":"open","sticky":false,"template":"","format":"standard","meta":{"_genesis_hide_title":false,"_genesis_hide_breadcrumbs":false,"_genesis_hide_singular_image":false,"_genesis_hide_footer_widgets":false,"_genesis_custom_body_class":"","_genesis_custom_post_class":"","_genesis_layout":""},"categories":[50],"tags":[],"featured_image_src":"https:\/\/iesmendillorribhi.educacion.navarra.es\/blogs\/wp-content\/uploads\/2024\/02\/Gutenslide-web-1-1-600x400.jpg","featured_image_src_square":"https:\/\/iesmendillorribhi.educacion.navarra.es\/blogs\/wp-content\/uploads\/2024\/02\/Gutenslide-web-1-1-600x600.jpg","author_info":{"display_name":"IES Mendillorri BHI","author_link":"https:\/\/iesmendillorribhi.educacion.navarra.es\/blogs\/blog\/author\/iesmendizo\/"},"_links":{"self":[{"href":"https:\/\/iesmendillorribhi.educacion.navarra.es\/blogs\/wp-json\/wp\/v2\/posts\/8634"}],"collection":[{"href":"https:\/\/iesmendillorribhi.educacion.navarra.es\/blogs\/wp-json\/wp\/v2\/posts"}],"about":[{"href":"https:\/\/iesmendillorribhi.educacion.navarra.es\/blogs\/wp-json\/wp\/v2\/types\/post"}],"author":[{"embeddable":true,"href":"https:\/\/iesmendillorribhi.educacion.navarra.es\/blogs\/wp-json\/wp\/v2\/users\/110"}],"replies":[{"embeddable":true,"href":"https:\/\/iesmendillorribhi.educacion.navarra.es\/blogs\/wp-json\/wp\/v2\/comments?post=8634"}],"version-history":[{"count":3,"href":"https:\/\/iesmendillorribhi.educacion.navarra.es\/blogs\/wp-json\/wp\/v2\/posts\/8634\/revisions"}],"predecessor-version":[{"id":8642,"href":"https:\/\/iesmendillorribhi.educacion.navarra.es\/blogs\/wp-json\/wp\/v2\/posts\/8634\/revisions\/8642"}],"wp:featuredmedia":[{"embeddable":true,"href":"https:\/\/iesmendillorribhi.educacion.navarra.es\/blogs\/wp-json\/wp\/v2\/media\/7832"}],"wp:attachment":[{"href":"https:\/\/iesmendillorribhi.educacion.navarra.es\/blogs\/wp-json\/wp\/v2\/media?parent=8634"}],"wp:term":[{"taxonomy":"category","embeddable":true,"href":"https:\/\/iesmendillorribhi.educacion.navarra.es\/blogs\/wp-json\/wp\/v2\/categories?post=8634"},{"taxonomy":"post_tag","embeddable":true,"href":"https:\/\/iesmendillorribhi.educacion.navarra.es\/blogs\/wp-json\/wp\/v2\/tags?post=8634"}],"curies":[{"name":"wp","href":"https:\/\/api.w.org\/{rel}","templated":true}]}}