{"id":9639,"date":"2026-03-23T10:19:10","date_gmt":"2026-03-23T09:19:10","guid":{"rendered":"https:\/\/iesmendillorribhi.educacion.navarra.es\/blogs\/?p=9639"},"modified":"2026-04-14T13:01:37","modified_gmt":"2026-04-14T11:01:37","slug":"semana-de-la-memoria-historica","status":"publish","type":"post","link":"https:\/\/iesmendillorribhi.educacion.navarra.es\/blogs\/blog\/semana-de-la-memoria-historica\/","title":{"rendered":"Semana de la Memoria Hist\u00f3rica"},"content":{"rendered":"\n<p>Durante la semana del 23 al 27 de marzo el instituto estar\u00e1 inmerso en la semana de la memoria hist\u00f3rica. Para ello, el grupo del proyecto de memoria hist\u00f3rica del centro ha preparado varias din\u00e1micas para toda la semana y en la que puede participar toda la comunidad educativa.&nbsp; La semana terminar\u00e1 con un acto de plantaci\u00f3n de un olivo el viernes 27 de marzo a 5\u00aa y 6\u00aa hora en el que participar\u00e1 todo el alumnado del edificio AGUAS. Adjuntamos aqu\u00ed el plan de actividades para esta semana:<\/p>\n\n\n\n<figure class=\"wp-block-image size-large\"><a href=\"https:\/\/iesmendillorribhi.educacion.navarra.es\/blogs\/wp-content\/uploads\/2026\/03\/Memoria_astea_egitasmo_osoa.jpg\"><img loading=\"lazy\" width=\"725\" height=\"1024\" src=\"https:\/\/iesmendillorribhi.educacion.navarra.es\/blogs\/wp-content\/uploads\/2026\/03\/Memoria_astea_egitasmo_osoa-725x1024.jpg\" alt=\"\" class=\"wp-image-9640\" srcset=\"https:\/\/iesmendillorribhi.educacion.navarra.es\/blogs\/wp-content\/uploads\/2026\/03\/Memoria_astea_egitasmo_osoa-725x1024.jpg 725w, https:\/\/iesmendillorribhi.educacion.navarra.es\/blogs\/wp-content\/uploads\/2026\/03\/Memoria_astea_egitasmo_osoa-212x300.jpg 212w, https:\/\/iesmendillorribhi.educacion.navarra.es\/blogs\/wp-content\/uploads\/2026\/03\/Memoria_astea_egitasmo_osoa-768x1085.jpg 768w, https:\/\/iesmendillorribhi.educacion.navarra.es\/blogs\/wp-content\/uploads\/2026\/03\/Memoria_astea_egitasmo_osoa-50x71.jpg 50w, https:\/\/iesmendillorribhi.educacion.navarra.es\/blogs\/wp-content\/uploads\/2026\/03\/Memoria_astea_egitasmo_osoa.jpg 906w\" sizes=\"(max-width: 725px) 100vw, 725px\" \/><\/a><\/figure>\n\n\n\n<h2><strong>BOLETOS PREMIADOS<\/strong><\/h2>\n\n\n\n<p>Los n\u00fameros de los boletos premiados han sido los siguientes:<\/p>\n\n\n\n<ul><li>Mu\u00f1eca: 209 (n\u00fameros en reserva 855, 72, 558)<\/li><li>Camiseta 1: 278 (n\u00fameros en reserva 238, 648, 931)<\/li><li>Camiseta 2: 135 (n\u00fameros en reserva 27, 100, 60)<\/li><li>Camiseta 3: 922 (n\u00fameros en reserva 53, 526, 698)<\/li><li>Camiseta 4: 416 (n\u00fameros en reserva 930, 84, 204)<\/li><li>Camiseta 5: 420 (n\u00fameros en reserva 314, 168, 428)<\/li><\/ul>\n","protected":false},"excerpt":{"rendered":"<p>Actividades de la semana de la Memoria<\/p>\n","protected":false},"author":110,"featured_media":9642,"comment_status":"closed","ping_status":"open","sticky":false,"template":"","format":"standard","meta":{"_genesis_hide_title":false,"_genesis_hide_breadcrumbs":false,"_genesis_hide_singular_image":false,"_genesis_hide_footer_widgets":false,"_genesis_custom_body_class":"","_genesis_custom_post_class":"","_genesis_layout":""},"categories":[91],"tags":[],"featured_image_src":"https:\/\/iesmendillorribhi.educacion.navarra.es\/blogs\/wp-content\/uploads\/2026\/03\/Memoria_astea_egitasmo_osoa-1-600x400.jpg","featured_image_src_square":"https:\/\/iesmendillorribhi.educacion.navarra.es\/blogs\/wp-content\/uploads\/2026\/03\/Memoria_astea_egitasmo_osoa-1-600x600.jpg","author_info":{"display_name":"IES Mendillorri BHI","author_link":"https:\/\/iesmendillorribhi.educacion.navarra.es\/blogs\/blog\/author\/iesmendizo\/"},"_links":{"self":[{"href":"https:\/\/iesmendillorribhi.educacion.navarra.es\/blogs\/wp-json\/wp\/v2\/posts\/9639"}],"collection":[{"href":"https:\/\/iesmendillorribhi.educacion.navarra.es\/blogs\/wp-json\/wp\/v2\/posts"}],"about":[{"href":"https:\/\/iesmendillorribhi.educacion.navarra.es\/blogs\/wp-json\/wp\/v2\/types\/post"}],"author":[{"embeddable":true,"href":"https:\/\/iesmendillorribhi.educacion.navarra.es\/blogs\/wp-json\/wp\/v2\/users\/110"}],"replies":[{"embeddable":true,"href":"https:\/\/iesmendillorribhi.educacion.navarra.es\/blogs\/wp-json\/wp\/v2\/comments?post=9639"}],"version-history":[{"count":2,"href":"https:\/\/iesmendillorribhi.educacion.navarra.es\/blogs\/wp-json\/wp\/v2\/posts\/9639\/revisions"}],"predecessor-version":[{"id":9743,"href":"https:\/\/iesmendillorribhi.educacion.navarra.es\/blogs\/wp-json\/wp\/v2\/posts\/9639\/revisions\/9743"}],"wp:featuredmedia":[{"embeddable":true,"href":"https:\/\/iesmendillorribhi.educacion.navarra.es\/blogs\/wp-json\/wp\/v2\/media\/9642"}],"wp:attachment":[{"href":"https:\/\/iesmendillorribhi.educacion.navarra.es\/blogs\/wp-json\/wp\/v2\/media?parent=9639"}],"wp:term":[{"taxonomy":"category","embeddable":true,"href":"https:\/\/iesmendillorribhi.educacion.navarra.es\/blogs\/wp-json\/wp\/v2\/categories?post=9639"},{"taxonomy":"post_tag","embeddable":true,"href":"https:\/\/iesmendillorribhi.educacion.navarra.es\/blogs\/wp-json\/wp\/v2\/tags?post=9639"}],"curies":[{"name":"wp","href":"https:\/\/api.w.org\/{rel}","templated":true}]}}